{"id":77708,"date":"2024-03-21T12:07:30","date_gmt":"2024-03-21T11:07:30","guid":{"rendered":"https:\/\/www.diasen.com\/pittura-anticondensa-per-superfici-fredde-e-mal-coibentate\/"},"modified":"2024-05-17T13:45:22","modified_gmt":"2024-05-17T11:45:22","slug":"tinta-anticondensacao-para-superficies-frias-e-mal-isoladas","status":"publish","type":"post","link":"https:\/\/www.diasen.com\/pt-pt\/tinta-anticondensacao-para-superficies-frias-e-mal-isoladas\/","title":{"rendered":"Tinta anticondensa\u00e7\u00e3o para superf\u00edcies frias e mal isoladas"},"content":{"rendered":"\n<p>Quando chega o inverno, ativamos o sistema de aquecimento e esperamos desfrutar de um conforto ambiental ideal. Infelizmente, nem sempre \u00e9 esse o caso. Os c\u00f4modos orientados para o norte ou sujeitos a fortes ventos invernais tendem a ser mais frios e mais dif\u00edceis de aquecer, gerando desconforto para seus habitantes. Esse problema n\u00e3o afeta apenas os edif\u00edcios mais antigos, mas tamb\u00e9m pode ocorrer em edif\u00edcios mais novos que n\u00e3o t\u00eam <strong><a href=\"https:\/\/www.diasen.com\/pt-pt\/isolamento-termico-construcao\/\">isolamento t\u00e9rmico adequado<\/a><\/strong>. De fato, em algumas casas n\u00e3o \u00e9 poss\u00edvel atingir a temperatura ideal <strong>por problemas de isolamento<\/strong>.<\/p>\n\n\n\n<p>A dispers\u00e3o do calor gerado pelos sistemas de aquecimento faz com que o conforto dentro desses c\u00f4modos diminua consideravelmente. As paredes ficam sempre frias, a temperatura dentro de casa n\u00e3o sobe e gasta-se muito g\u00e1s e eletricidade para obter pouco calor. Isso tem um grande impacto no meio ambiente e no bolso do propriet\u00e1rio.<\/p>\n\n\n\n<p>Al\u00e9m disso, o encontro do ar quente interno com o ar frio externo causa condensa\u00e7\u00e3o nas paredes e forma <strong>mofo<\/strong>. Portanto, vamos analisar algumas solu\u00e7\u00f5es pr\u00e1ticas para tratar e isolar paredes internas frias e \u00famidas.<\/p>\n\n\n\n<p><\/p>\n\n\n\n<h2 class=\"wp-block-heading\">Sistema de Isolamento T\u00e9rmico: sim ou n\u00e3o?<\/h2>\n\n\n\n<p>A op\u00e7\u00e3o mais comum para resolver o problema de isolamento de paredes internas contra o frio e a umidade \u00e9 instalar um <strong>sistema de isolamento t\u00e9rmico nas paredes<\/strong>. Isso pode ser feito no interior do edif\u00edcio, por meio de pain\u00e9is isolantes instalados diretamente na superf\u00edcie interna das paredes.<\/p>\n\n\n\n<p>Como se sabe, o custo de um sistema de isolamento t\u00e9rmico para paredes \u00e9 muito alto, apesar das vantagens que esse tipo de interven\u00e7\u00e3o oferece. Para reduzir os custos, \u00e9 poss\u00edvel se concentrar em \u00e1reas espec\u00edficas da casa em vez de fazer uma interven\u00e7\u00e3o completa. Por exemplo, as cozinhas tendem a reter melhor o calor do que os quartos ou as salas de estar.<\/p>\n\n\n\n<p>No entanto, essa solu\u00e7\u00e3o nem sempre \u00e9 vi\u00e1vel, especialmente em c\u00f4modos pequenos, onde a instala\u00e7\u00e3o de um sistema de isolamento t\u00e9rmico nas paredes poderia comprometer o espa\u00e7o dispon\u00edvel. Sem recorrer a sistemas de isolamento t\u00e9rmico para paredes, \u00e9 poss\u00edvel melhorar o desempenho energ\u00e9tico das paredes usando <strong>reboco t\u00e9rmico ou uma tinta anticondensa\u00e7\u00e3o para interiores.<\/strong><\/p>\n\n\n\n<p><\/p>\n\n\n\n<h2 class=\"wp-block-heading\">A melhor tinta anticondensa\u00e7\u00e3o para paredes frias ou mal isoladas<\/h2>\n\n\n\n<p>Com o surgimento da bioconstru\u00e7\u00e3o e o crescente interesse pelos materiais sustent\u00e1veis, a busca por solu\u00e7\u00f5es que combinem alto desempenho t\u00e9rmico com est\u00e9tica e eleg\u00e2ncia se tornou uma prioridade para muitos designers e propriet\u00e1rios. Na <strong>Diasen<\/strong>, estamos constantemente buscando solu\u00e7\u00f5es sustent\u00e1veis para melhorar o conforto ambiental, respeitando o meio ambiente.<\/p>\n\n\n\n<p>Adotamos o conceito de bioconstru\u00e7\u00e3o, que promove o uso de materiais naturais com baixo impacto ambiental, contribuindo assim para a cria\u00e7\u00e3o de espa\u00e7os saud\u00e1veis e ecologicamente corretos. De fato, um dos materiais que mais utilizamos \u00e9 a corti\u00e7a, um material vers\u00e1til e funcional. Leve, flex\u00edvel e totalmente natural, o<strong><a href=\"https:\/\/www.diasen.com\/pt-pt\/isolamento-cortica\/\"> isolamento de corti\u00e7a<\/a><\/strong> se presta perfeitamente a v\u00e1rias aplica\u00e7\u00f5es, incluindo as pinturas t\u00e9rmicas.<\/p>\n\n\n\n<p>E isso n\u00e3o \u00e9 tudo. Em alguns de nossos produtos, tamb\u00e9m usamos l\u00e1tex, um material extra\u00eddo de plantas especiais usando m\u00e9todos sustent\u00e1veis que n\u00e3o prejudicam a vegeta\u00e7\u00e3o. Conhe\u00e7a nossa tinta anticondensa\u00e7\u00e3o para superf\u00edcies frias e mal isoladas \u00e0 base de l\u00e1tex natural.<\/p>\n\n\n\n<p><\/p>\n\n\n\n<h2 class=\"wp-block-heading\"><strong>Como \u00e9 fabricada a tinta anticondensa\u00e7\u00e3o e como ela funciona?<\/strong><\/h2>\n\n\n\n<p>A tinta anticondensa\u00e7\u00e3o \u00e9 uma solu\u00e7\u00e3o inovadora e essencial para preservar a salubridade dos ambientes, <strong>combatendo a condensa\u00e7\u00e3o e a forma\u00e7\u00e3o de mofo nas paredes<\/strong>. Fabricada com um revestimento branco \u00e0 base de l\u00e1tex e p\u00f3s minerais especiais, nossa tinta CWC Stop Condense mant\u00e9m as superf\u00edcies mais quentes, eliminando o risco de pontes t\u00e9rmicas.<\/p>\n\n\n\n<p>O segredo dessa tinta est\u00e1 em suas propriedades isolantes, que possibilitam uma <strong>diferen\u00e7a de temperatura de at\u00e9 +5\u00b0C em compara\u00e7\u00e3o com as tintas normais<\/strong>. Esse valor decisivo evita que a umidade se condense na parede, at\u00e9 mesmo em ambientes com 90% de umidade relativa. Qual \u00e9 o resultado? A forma\u00e7\u00e3o de condensa\u00e7\u00e3o e, portanto, de mofo \u00e9 permanentemente evitada, garantindo um ambiente mais saud\u00e1vel e confort\u00e1vel.<\/p>\n\n\n\n<p>Mas como as tintas anticondensa\u00e7\u00e3o realmente funcionam? <strong>A aplica\u00e7\u00e3o \u00e9 muito simples e pode ser feita por qualquer pessoa. Podem ser aplicadas com rolo, pincel ou sistema airless, garantindo uma \u00f3tima ader\u00eancia \u00e0s superf\u00edcies<\/strong>. Depois da aplica\u00e7\u00e3o, a tinta anticondensa\u00e7\u00e3o seca rapidamente em apenas 6 horas, tornando os c\u00f4modos habit\u00e1veis em pouco tempo.<\/p>\n\n\n\n<p>Esse produto \u00e9 oferecido em pr\u00e1ticos baldes pl\u00e1sticos de 5 ou 14 litros, que proporcionam um armazenamento pr\u00e1tico e seguro. O desempenho da tinta anticondensa\u00e7\u00e3o \u00e9 de aproximadamente <strong>0,50 litros por metro quadrado<\/strong>, o que garante economia sem comprometer sua efic\u00e1cia.<\/p>\n\n\n\n<p>Al\u00e9m disso, essa solu\u00e7\u00e3o se destaca por ser ecologicamente correta e segura para a sa\u00fade. Por ser um produto de componente \u00fanico, livre de solventes e componentes t\u00f3xicos, ela garante um ambiente de vida saud\u00e1vel e ecologicamente correto. <strong>Sua respirabilidade, classificada como grau 8, permite que as paredes respirem, contribuindo ainda mais para o bem-estar dos moradores.<\/strong><\/p>\n\n\n\n<p><\/p>\n\n\n\n<h2 class=\"wp-block-heading\"><strong>O poder do l\u00e1tex natural<\/strong><\/h2>\n\n\n\n<p>Grande parte da efic\u00e1cia das tintas anticondensa\u00e7\u00e3o prov\u00e9m do l\u00e1tex natural. Esse componente atua como um isolante t\u00e9rmico eficaz, reduzindo a condutividade t\u00e9rmica das paredes revestidas e impedindo a transmiss\u00e3o de calor. Essa caracter\u00edstica ajuda a manter as superf\u00edcies tratadas mais quentes, reduzindo o risco de condensa\u00e7\u00e3o e forma\u00e7\u00e3o de mofo, especialmente em ambientes com grandes varia\u00e7\u00f5es de temperatura.<\/p>\n\n\n\n<p>O l\u00e1tex natural tem a capacidade de vedar as passagens de ar, criando uma barreira protetora que reduz significativamente a perda de calor e a infiltra\u00e7\u00e3o de umidade do exterior.<\/p>\n\n\n\n<p>Do ponto de vista da sustentabilidade, o l\u00e1tex natural \u00e9 uma escolha ecol\u00f3gica e respons\u00e1vel. Derivado do cultivo e do processamento da seringueira, <strong>o l\u00e1tex \u00e9 um material renov\u00e1vel e biodegrad\u00e1vel, o que o torna um recurso de baixo impacto ambiental<\/strong>. Al\u00e9m disso, sua produ\u00e7\u00e3o gera menos emiss\u00f5es de gases de efeito estufa do que os materiais sint\u00e9ticos, ajudando a reduzir o impacto de todo o ciclo de vida do produto.<\/p>\n\n\n\n<p>Se a sua casa costuma ser fria e voc\u00ea tem dificuldade para atingir a temperatura ideal, experimente o <strong><a href=\"https:\/\/www.diasen.com\/pt-pt\/prodotto\/c-w-c-stop-condense\/\">CWC Stop Condense<\/a><\/strong>. Todas as informa\u00e7\u00f5es sobre esse produto extraordin\u00e1rio est\u00e3o dispon\u00edveis no site da Diasen.<\/p>\n","protected":false},"excerpt":{"rendered":"<p>Quando chega o inverno, ativamos o sistema de aquecimento e esperamos desfrutar de um conforto ambiental ideal. Infelizmente, nem sempre \u00e9 esse o caso. Os c\u00f4modos orientados para o norte&#8230;<\/p>\n","protected":false},"author":15,"featured_media":77228,"comment_status":"closed","ping_status":"open","sticky":false,"template":"","format":"standard","meta":{"_acf_changed":false,"content-type":"","inline_featured_image":false,"_price":"","_stock":"","_tribe_ticket_header":"","_tribe_default_ticket_provider":"","_tribe_ticket_capacity":"","_ticket_start_date":"","_ticket_end_date":"","_tribe_ticket_show_description":"","_tribe_ticket_show_not_going":false,"_tribe_ticket_use_global_stock":"","_tribe_ticket_global_stock_level":"","_global_stock_mode":"","_global_stock_cap":"","_tribe_rsvp_for_event":"","_tribe_ticket_going_count":"","_tribe_ticket_not_going_count":"","_tribe_tickets_list":"[]","_tribe_ticket_has_attendee_info_fields":false,"footnotes":""},"categories":[1961],"tags":[],"class_list":["post-77708","post","type-post","status-publish","format-standard","has-post-thumbnail","category-molde-e-umidade"],"acf":[],"yoast_head":"<!-- This site is optimized with the Yoast SEO plugin v27.4 - https:\/\/yoast.com\/product\/yoast-seo-wordpress\/ -->\n<title>Tinta anticondensa\u00e7\u00e3o para superf\u00edcies frias e mal isoladas<\/title>\n<meta name=\"description\" content=\"A tinta anticondensa\u00e7\u00e3o \u00e9 uma solu\u00e7\u00e3o inovadora e essencial para preservar a salubridade dos ambientes, combatendo a condensa\u00e7\u00e3o\" \/>\n<meta name=\"robots\" content=\"index, follow, max-snippet:-1, max-image-preview:large, max-video-preview:-1\" \/>\n<link rel=\"canonical\" href=\"https:\/\/www.diasen.com\/pt-pt\/tinta-anticondensacao-para-superficies-frias-e-mal-isoladas\/\" \/>\n<meta property=\"og:locale\" content=\"pt_PT\" \/>\n<meta property=\"og:type\" content=\"article\" \/>\n<meta property=\"og:title\" content=\"Tinta anticondensa\u00e7\u00e3o para superf\u00edcies frias e mal isoladas\" \/>\n<meta property=\"og:description\" content=\"A tinta anticondensa\u00e7\u00e3o \u00e9 uma solu\u00e7\u00e3o inovadora e essencial para preservar a salubridade dos ambientes, combatendo a condensa\u00e7\u00e3o\" \/>\n<meta property=\"og:url\" content=\"https:\/\/www.diasen.com\/pt-pt\/tinta-anticondensacao-para-superficies-frias-e-mal-isoladas\/\" \/>\n<meta property=\"og:site_name\" content=\"Diasen\" \/>\n<meta property=\"article:published_time\" content=\"2024-03-21T11:07:30+00:00\" \/>\n<meta property=\"article:modified_time\" content=\"2024-05-17T11:45:22+00:00\" \/>\n<meta property=\"og:image\" content=\"https:\/\/www.diasen.com\/wp-content\/uploads\/2024\/04\/pittura-antincondensa.jpg\" \/>\n\t<meta property=\"og:image:width\" content=\"1500\" \/>\n\t<meta property=\"og:image:height\" content=\"1000\" \/>\n\t<meta property=\"og:image:type\" content=\"image\/jpeg\" \/>\n<meta name=\"author\" content=\"Diasen\" \/>\n<meta name=\"twitter:card\" content=\"summary_large_image\" \/>\n<meta name=\"twitter:label1\" content=\"Escrito por\" \/>\n\t<meta name=\"twitter:data1\" content=\"Diasen\" \/>\n\t<meta name=\"twitter:label2\" content=\"Tempo estimado de leitura\" \/>\n\t<meta name=\"twitter:data2\" content=\"6 minutos\" \/>\n<script type=\"application\/ld+json\" class=\"yoast-schema-graph\">{\"@context\":\"https:\\\/\\\/schema.org\",\"@graph\":[{\"@type\":\"Article\",\"@id\":\"https:\\\/\\\/www.diasen.com\\\/pt-pt\\\/tinta-anticondensacao-para-superficies-frias-e-mal-isoladas\\\/#article\",\"isPartOf\":{\"@id\":\"https:\\\/\\\/www.diasen.com\\\/pt-pt\\\/tinta-anticondensacao-para-superficies-frias-e-mal-isoladas\\\/\"},\"author\":{\"name\":\"Diasen\",\"@id\":\"https:\\\/\\\/diasen.com\\\/#\\\/schema\\\/person\\\/4ae59810b85e38a59f10ea65b42a9cab\"},\"headline\":\"Tinta anticondensa\u00e7\u00e3o para superf\u00edcies frias e mal isoladas\",\"datePublished\":\"2024-03-21T11:07:30+00:00\",\"dateModified\":\"2024-05-17T11:45:22+00:00\",\"mainEntityOfPage\":{\"@id\":\"https:\\\/\\\/www.diasen.com\\\/pt-pt\\\/tinta-anticondensacao-para-superficies-frias-e-mal-isoladas\\\/\"},\"wordCount\":1120,\"publisher\":{\"@id\":\"https:\\\/\\\/diasen.com\\\/#organization\"},\"image\":{\"@id\":\"https:\\\/\\\/www.diasen.com\\\/pt-pt\\\/tinta-anticondensacao-para-superficies-frias-e-mal-isoladas\\\/#primaryimage\"},\"thumbnailUrl\":\"https:\\\/\\\/www.diasen.com\\\/wp-content\\\/uploads\\\/2024\\\/04\\\/pittura-antincondensa.jpg\",\"articleSection\":[\"Molde e umidade\"],\"inLanguage\":\"pt-PT\"},{\"@type\":\"WebPage\",\"@id\":\"https:\\\/\\\/www.diasen.com\\\/pt-pt\\\/tinta-anticondensacao-para-superficies-frias-e-mal-isoladas\\\/\",\"url\":\"https:\\\/\\\/www.diasen.com\\\/pt-pt\\\/tinta-anticondensacao-para-superficies-frias-e-mal-isoladas\\\/\",\"name\":\"Tinta anticondensa\u00e7\u00e3o para superf\u00edcies frias e mal isoladas\",\"isPartOf\":{\"@id\":\"https:\\\/\\\/diasen.com\\\/#website\"},\"primaryImageOfPage\":{\"@id\":\"https:\\\/\\\/www.diasen.com\\\/pt-pt\\\/tinta-anticondensacao-para-superficies-frias-e-mal-isoladas\\\/#primaryimage\"},\"image\":{\"@id\":\"https:\\\/\\\/www.diasen.com\\\/pt-pt\\\/tinta-anticondensacao-para-superficies-frias-e-mal-isoladas\\\/#primaryimage\"},\"thumbnailUrl\":\"https:\\\/\\\/www.diasen.com\\\/wp-content\\\/uploads\\\/2024\\\/04\\\/pittura-antincondensa.jpg\",\"datePublished\":\"2024-03-21T11:07:30+00:00\",\"dateModified\":\"2024-05-17T11:45:22+00:00\",\"description\":\"A tinta anticondensa\u00e7\u00e3o \u00e9 uma solu\u00e7\u00e3o inovadora e essencial para preservar a salubridade dos ambientes, combatendo a condensa\u00e7\u00e3o\",\"breadcrumb\":{\"@id\":\"https:\\\/\\\/www.diasen.com\\\/pt-pt\\\/tinta-anticondensacao-para-superficies-frias-e-mal-isoladas\\\/#breadcrumb\"},\"inLanguage\":\"pt-PT\",\"potentialAction\":[{\"@type\":\"ReadAction\",\"target\":[\"https:\\\/\\\/www.diasen.com\\\/pt-pt\\\/tinta-anticondensacao-para-superficies-frias-e-mal-isoladas\\\/\"]}]},{\"@type\":\"ImageObject\",\"inLanguage\":\"pt-PT\",\"@id\":\"https:\\\/\\\/www.diasen.com\\\/pt-pt\\\/tinta-anticondensacao-para-superficies-frias-e-mal-isoladas\\\/#primaryimage\",\"url\":\"https:\\\/\\\/www.diasen.com\\\/wp-content\\\/uploads\\\/2024\\\/04\\\/pittura-antincondensa.jpg\",\"contentUrl\":\"https:\\\/\\\/www.diasen.com\\\/wp-content\\\/uploads\\\/2024\\\/04\\\/pittura-antincondensa.jpg\",\"width\":1500,\"height\":1000,\"caption\":\"pittura antincondensa\"},{\"@type\":\"BreadcrumbList\",\"@id\":\"https:\\\/\\\/www.diasen.com\\\/pt-pt\\\/tinta-anticondensacao-para-superficies-frias-e-mal-isoladas\\\/#breadcrumb\",\"itemListElement\":[{\"@type\":\"ListItem\",\"position\":1,\"name\":\"Home\",\"item\":\"https:\\\/\\\/www.diasen.com\\\/\"},{\"@type\":\"ListItem\",\"position\":2,\"name\":\"Tinta anticondensa\u00e7\u00e3o para superf\u00edcies frias e mal isoladas\"}]},{\"@type\":\"WebSite\",\"@id\":\"https:\\\/\\\/diasen.com\\\/#website\",\"url\":\"https:\\\/\\\/diasen.com\\\/\",\"name\":\"Diasen\",\"description\":\"\",\"publisher\":{\"@id\":\"https:\\\/\\\/diasen.com\\\/#organization\"},\"potentialAction\":[{\"@type\":\"SearchAction\",\"target\":{\"@type\":\"EntryPoint\",\"urlTemplate\":\"https:\\\/\\\/diasen.com\\\/?s={search_term_string}\"},\"query-input\":{\"@type\":\"PropertyValueSpecification\",\"valueRequired\":true,\"valueName\":\"search_term_string\"}}],\"inLanguage\":\"pt-PT\"},{\"@type\":\"Organization\",\"@id\":\"https:\\\/\\\/diasen.com\\\/#organization\",\"name\":\"Diasen\",\"url\":\"https:\\\/\\\/diasen.com\\\/\",\"logo\":{\"@type\":\"ImageObject\",\"inLanguage\":\"pt-PT\",\"@id\":\"https:\\\/\\\/diasen.com\\\/#\\\/schema\\\/logo\\\/image\\\/\",\"url\":\"https:\\\/\\\/www.diasen.com\\\/wp-content\\\/uploads\\\/2026\\\/04\\\/logo_diasen.png\",\"contentUrl\":\"https:\\\/\\\/www.diasen.com\\\/wp-content\\\/uploads\\\/2026\\\/04\\\/logo_diasen.png\",\"width\":300,\"height\":160,\"caption\":\"Diasen\"},\"image\":{\"@id\":\"https:\\\/\\\/diasen.com\\\/#\\\/schema\\\/logo\\\/image\\\/\"}},{\"@type\":\"Person\",\"@id\":\"https:\\\/\\\/diasen.com\\\/#\\\/schema\\\/person\\\/4ae59810b85e38a59f10ea65b42a9cab\",\"name\":\"Diasen\",\"image\":{\"@type\":\"ImageObject\",\"inLanguage\":\"pt-PT\",\"@id\":\"https:\\\/\\\/secure.gravatar.com\\\/avatar\\\/c712cde7b26e86dd5d498092f4924eebcd48ad89b60dde10fe91a16d78653e4e?s=96&d=mm&r=g\",\"url\":\"https:\\\/\\\/secure.gravatar.com\\\/avatar\\\/c712cde7b26e86dd5d498092f4924eebcd48ad89b60dde10fe91a16d78653e4e?s=96&d=mm&r=g\",\"contentUrl\":\"https:\\\/\\\/secure.gravatar.com\\\/avatar\\\/c712cde7b26e86dd5d498092f4924eebcd48ad89b60dde10fe91a16d78653e4e?s=96&d=mm&r=g\",\"caption\":\"Diasen\"},\"url\":\"https:\\\/\\\/www.diasen.com\\\/pt-pt\\\/author\\\/diasen\\\/\"}]}<\/script>\n<!-- \/ Yoast SEO plugin. -->","yoast_head_json":{"title":"Tinta anticondensa\u00e7\u00e3o para superf\u00edcies frias e mal isoladas","description":"A tinta anticondensa\u00e7\u00e3o \u00e9 uma solu\u00e7\u00e3o inovadora e essencial para preservar a salubridade dos ambientes, combatendo a condensa\u00e7\u00e3o","robots":{"index":"index","follow":"follow","max-snippet":"max-snippet:-1","max-image-preview":"max-image-preview:large","max-video-preview":"max-video-preview:-1"},"canonical":"https:\/\/www.diasen.com\/pt-pt\/tinta-anticondensacao-para-superficies-frias-e-mal-isoladas\/","og_locale":"pt_PT","og_type":"article","og_title":"Tinta anticondensa\u00e7\u00e3o para superf\u00edcies frias e mal isoladas","og_description":"A tinta anticondensa\u00e7\u00e3o \u00e9 uma solu\u00e7\u00e3o inovadora e essencial para preservar a salubridade dos ambientes, combatendo a condensa\u00e7\u00e3o","og_url":"https:\/\/www.diasen.com\/pt-pt\/tinta-anticondensacao-para-superficies-frias-e-mal-isoladas\/","og_site_name":"Diasen","article_published_time":"2024-03-21T11:07:30+00:00","article_modified_time":"2024-05-17T11:45:22+00:00","og_image":[{"width":1500,"height":1000,"url":"https:\/\/www.diasen.com\/wp-content\/uploads\/2024\/04\/pittura-antincondensa.jpg","type":"image\/jpeg"}],"author":"Diasen","twitter_card":"summary_large_image","twitter_misc":{"Escrito por":"Diasen","Tempo estimado de leitura":"6 minutos"},"schema":{"@context":"https:\/\/schema.org","@graph":[{"@type":"Article","@id":"https:\/\/www.diasen.com\/pt-pt\/tinta-anticondensacao-para-superficies-frias-e-mal-isoladas\/#article","isPartOf":{"@id":"https:\/\/www.diasen.com\/pt-pt\/tinta-anticondensacao-para-superficies-frias-e-mal-isoladas\/"},"author":{"name":"Diasen","@id":"https:\/\/diasen.com\/#\/schema\/person\/4ae59810b85e38a59f10ea65b42a9cab"},"headline":"Tinta anticondensa\u00e7\u00e3o para superf\u00edcies frias e mal isoladas","datePublished":"2024-03-21T11:07:30+00:00","dateModified":"2024-05-17T11:45:22+00:00","mainEntityOfPage":{"@id":"https:\/\/www.diasen.com\/pt-pt\/tinta-anticondensacao-para-superficies-frias-e-mal-isoladas\/"},"wordCount":1120,"publisher":{"@id":"https:\/\/diasen.com\/#organization"},"image":{"@id":"https:\/\/www.diasen.com\/pt-pt\/tinta-anticondensacao-para-superficies-frias-e-mal-isoladas\/#primaryimage"},"thumbnailUrl":"https:\/\/www.diasen.com\/wp-content\/uploads\/2024\/04\/pittura-antincondensa.jpg","articleSection":["Molde e umidade"],"inLanguage":"pt-PT"},{"@type":"WebPage","@id":"https:\/\/www.diasen.com\/pt-pt\/tinta-anticondensacao-para-superficies-frias-e-mal-isoladas\/","url":"https:\/\/www.diasen.com\/pt-pt\/tinta-anticondensacao-para-superficies-frias-e-mal-isoladas\/","name":"Tinta anticondensa\u00e7\u00e3o para superf\u00edcies frias e mal isoladas","isPartOf":{"@id":"https:\/\/diasen.com\/#website"},"primaryImageOfPage":{"@id":"https:\/\/www.diasen.com\/pt-pt\/tinta-anticondensacao-para-superficies-frias-e-mal-isoladas\/#primaryimage"},"image":{"@id":"https:\/\/www.diasen.com\/pt-pt\/tinta-anticondensacao-para-superficies-frias-e-mal-isoladas\/#primaryimage"},"thumbnailUrl":"https:\/\/www.diasen.com\/wp-content\/uploads\/2024\/04\/pittura-antincondensa.jpg","datePublished":"2024-03-21T11:07:30+00:00","dateModified":"2024-05-17T11:45:22+00:00","description":"A tinta anticondensa\u00e7\u00e3o \u00e9 uma solu\u00e7\u00e3o inovadora e essencial para preservar a salubridade dos ambientes, combatendo a condensa\u00e7\u00e3o","breadcrumb":{"@id":"https:\/\/www.diasen.com\/pt-pt\/tinta-anticondensacao-para-superficies-frias-e-mal-isoladas\/#breadcrumb"},"inLanguage":"pt-PT","potentialAction":[{"@type":"ReadAction","target":["https:\/\/www.diasen.com\/pt-pt\/tinta-anticondensacao-para-superficies-frias-e-mal-isoladas\/"]}]},{"@type":"ImageObject","inLanguage":"pt-PT","@id":"https:\/\/www.diasen.com\/pt-pt\/tinta-anticondensacao-para-superficies-frias-e-mal-isoladas\/#primaryimage","url":"https:\/\/www.diasen.com\/wp-content\/uploads\/2024\/04\/pittura-antincondensa.jpg","contentUrl":"https:\/\/www.diasen.com\/wp-content\/uploads\/2024\/04\/pittura-antincondensa.jpg","width":1500,"height":1000,"caption":"pittura antincondensa"},{"@type":"BreadcrumbList","@id":"https:\/\/www.diasen.com\/pt-pt\/tinta-anticondensacao-para-superficies-frias-e-mal-isoladas\/#breadcrumb","itemListElement":[{"@type":"ListItem","position":1,"name":"Home","item":"https:\/\/www.diasen.com\/"},{"@type":"ListItem","position":2,"name":"Tinta anticondensa\u00e7\u00e3o para superf\u00edcies frias e mal isoladas"}]},{"@type":"WebSite","@id":"https:\/\/diasen.com\/#website","url":"https:\/\/diasen.com\/","name":"Diasen","description":"","publisher":{"@id":"https:\/\/diasen.com\/#organization"},"potentialAction":[{"@type":"SearchAction","target":{"@type":"EntryPoint","urlTemplate":"https:\/\/diasen.com\/?s={search_term_string}"},"query-input":{"@type":"PropertyValueSpecification","valueRequired":true,"valueName":"search_term_string"}}],"inLanguage":"pt-PT"},{"@type":"Organization","@id":"https:\/\/diasen.com\/#organization","name":"Diasen","url":"https:\/\/diasen.com\/","logo":{"@type":"ImageObject","inLanguage":"pt-PT","@id":"https:\/\/diasen.com\/#\/schema\/logo\/image\/","url":"https:\/\/www.diasen.com\/wp-content\/uploads\/2026\/04\/logo_diasen.png","contentUrl":"https:\/\/www.diasen.com\/wp-content\/uploads\/2026\/04\/logo_diasen.png","width":300,"height":160,"caption":"Diasen"},"image":{"@id":"https:\/\/diasen.com\/#\/schema\/logo\/image\/"}},{"@type":"Person","@id":"https:\/\/diasen.com\/#\/schema\/person\/4ae59810b85e38a59f10ea65b42a9cab","name":"Diasen","image":{"@type":"ImageObject","inLanguage":"pt-PT","@id":"https:\/\/secure.gravatar.com\/avatar\/c712cde7b26e86dd5d498092f4924eebcd48ad89b60dde10fe91a16d78653e4e?s=96&d=mm&r=g","url":"https:\/\/secure.gravatar.com\/avatar\/c712cde7b26e86dd5d498092f4924eebcd48ad89b60dde10fe91a16d78653e4e?s=96&d=mm&r=g","contentUrl":"https:\/\/secure.gravatar.com\/avatar\/c712cde7b26e86dd5d498092f4924eebcd48ad89b60dde10fe91a16d78653e4e?s=96&d=mm&r=g","caption":"Diasen"},"url":"https:\/\/www.diasen.com\/pt-pt\/author\/diasen\/"}]}},"_links":{"self":[{"href":"https:\/\/www.diasen.com\/pt-pt\/wp-json\/wp\/v2\/posts\/77708","targetHints":{"allow":["GET"]}}],"collection":[{"href":"https:\/\/www.diasen.com\/pt-pt\/wp-json\/wp\/v2\/posts"}],"about":[{"href":"https:\/\/www.diasen.com\/pt-pt\/wp-json\/wp\/v2\/types\/post"}],"author":[{"embeddable":true,"href":"https:\/\/www.diasen.com\/pt-pt\/wp-json\/wp\/v2\/users\/15"}],"replies":[{"embeddable":true,"href":"https:\/\/www.diasen.com\/pt-pt\/wp-json\/wp\/v2\/comments?post=77708"}],"version-history":[{"count":0,"href":"https:\/\/www.diasen.com\/pt-pt\/wp-json\/wp\/v2\/posts\/77708\/revisions"}],"wp:featuredmedia":[{"embeddable":true,"href":"https:\/\/www.diasen.com\/pt-pt\/wp-json\/wp\/v2\/media\/77228"}],"wp:attachment":[{"href":"https:\/\/www.diasen.com\/pt-pt\/wp-json\/wp\/v2\/media?parent=77708"}],"wp:term":[{"taxonomy":"category","embeddable":true,"href":"https:\/\/www.diasen.com\/pt-pt\/wp-json\/wp\/v2\/categories?post=77708"},{"taxonomy":"post_tag","embeddable":true,"href":"https:\/\/www.diasen.com\/pt-pt\/wp-json\/wp\/v2\/tags?post=77708"}],"curies":[{"name":"wp","href":"https:\/\/api.w.org\/{rel}","templated":true}]}}