{"id":77282,"date":"2023-11-17T11:44:42","date_gmt":"2023-11-17T10:44:42","guid":{"rendered":"https:\/\/www.diasen.com\/il-rilancio-del-sughero-in-bioedilizia-un-prezioso-ecosistema\/"},"modified":"2024-05-17T10:38:00","modified_gmt":"2024-05-17T08:38:00","slug":"o-renascimento-da-cortica-na-bioarquitetura","status":"publish","type":"post","link":"https:\/\/www.diasen.com\/pt-pt\/o-renascimento-da-cortica-na-bioarquitetura\/","title":{"rendered":"O renascimento da corti\u00e7a na bioarquitetura: um ecossistema valioso"},"content":{"rendered":"<p><strong>O foco na sustentabilidade e na circularidade est\u00e1 perfeitamente integrado no ciclo de produ\u00e7\u00e3o da corti\u00e7a, um material vers\u00e1til que \u00e9 amplamente utilizado nas atividades de constru\u00e7\u00e3o e reforma<\/strong> gra\u00e7as \u00e0s suas propriedades e aplica\u00e7\u00f5es not\u00e1veis.<\/p>\n<p>A corti\u00e7a \u00e9 a principal mat\u00e9ria-prima dos produtos Diasen, o carro-chefe de nossa empresa. Ela se destaca como um material local valioso no setor da constru\u00e7\u00e3o civil, um produto 100% mediterr\u00e2neo e natural. <strong>Portugal<\/strong> \u00e9 o maior produtor mundial desse incr\u00edvel material. No pa\u00eds, existem mais de 70 milh\u00f5es de sobreiros, que ocupam 730 mil hectares de floresta, constituindo 8% do territ\u00f3rio portugu\u00eas e 34% da superf\u00edcie mundial de sobreiros.<\/p>\n<p>A It\u00e1lia tamb\u00e9m \u00e9 rica em sobreiros, especialmente a Sardenha, uma ilha que preserva toda a beleza e import\u00e2ncia dessas \u00e1rvores.<\/p>\n<h2>O ecossistema da corti\u00e7a: os sobreiros<\/h2>\n<p>Quando se fala em corti\u00e7a, pensamos imediatamente nas rolhas das garrafas de vinho, mas o fato \u00e9 que seu papel na ind\u00fastria n\u00e3o para por a\u00ed. Ao mencionar este material, ningu\u00e9m pensa na sua origem, nas <strong>centenas de hectares de terra ocupados por altos e imponentes carvalhos<\/strong>.<\/p>\n<p>As <a href=\"https:\/\/www.diasen.com\/pt-pt\/sobreiro\/\"><strong>florestas de sobreiros<\/strong> <\/a>s\u00e3o um patrim\u00f4nio da biodiversidade, lar de in\u00fameras esp\u00e9cies de p\u00e1ssaros, mam\u00edferos, r\u00e9pteis e anf\u00edbios. Nessas \u00e1reas verdes, os n\u00edveis de di\u00f3xido de carbono caem consideravelmente, deixando o ar puro e fresco.<\/p>\n<p>Os sobreiros da bacia ocidental do Mediterr\u00e2neo t\u00eam a extraordin\u00e1ria capacidade de utilizar cerca de <u>30,66 milh\u00f5es de toneladas de CO2 por ano<\/u>.<\/p>\n<p>Mas isso n\u00e3o \u00e9 tudo. <strong>O <a href=\"https:\/\/www.diasen.com\/pt-pt\/sobreiro\/\">sobreiro<\/a> desempenha um papel multifuncional, evitando a degrada\u00e7\u00e3o do solo, combatendo a desertifica\u00e7\u00e3o e agindo como uma barreira contra inc\u00eandios<\/strong>.<\/p>\n<h2>A extra\u00e7\u00e3o cuidadosa e respeitosa da corti\u00e7a<\/h2>\n<p>A corti\u00e7a n\u00e3o \u00e9 extra\u00edda da planta inteira mediante o corte e a retirada da madeira. A corti\u00e7a est\u00e1 contida em sua casca. N\u00e3o h\u00e1 necessidade, portanto, de cortar o tronco completamente, causando desmatamento. Muito pelo contr\u00e1rio, a \u00e1rvore passa por um processo chamado <strong>decortica\u00e7\u00e3o<\/strong>, um trabalho que continua sendo totalmente manual e altamente especializado, que \u00e9 repetido a cada nove anos cerca de 15 a 18 vezes.<\/p>\n<p>O percurso da corti\u00e7a continua com a fase de secagem e fervura, que n\u00e3o s\u00f3 permite que o material obtenha a consist\u00eancia necess\u00e1ria para o seu processamento, como tamb\u00e9m elimina todas as bact\u00e9rias e microrganismos que se encontram no interior da casca. <strong>N\u00e3o s\u00e3o realizados tratamentos qu\u00edmicos, garantindo o respeito ao meio ambiente e \u00e0 mat\u00e9ria-prima<\/strong>. Uma vez conclu\u00eddas todas as etapas de produ\u00e7\u00e3o, a corti\u00e7a est\u00e1 pronta para ser utilizada em v\u00e1rios setores, inclusive na constru\u00e7\u00e3o civil.<\/p>\n<h2>Os usos da corti\u00e7a: n\u00e3o apenas as rolhas<\/h2>\n<p>A corti\u00e7a, conhecida h\u00e1 s\u00e9culos por ser usada na fabrica\u00e7\u00e3o de rolhas para garrafas de vinho, tamb\u00e9m \u00e9 usada na <strong>constru\u00e7\u00e3o civil<\/strong>, principalmente na produ\u00e7\u00e3o de pisos, revestimentos e pain\u00e9is de isolamento autoexpans\u00edveis e autocolantes. Essa versatilidade torna a corti\u00e7a um material altamente circular com um impacto positivo no meio ambiente.<\/p>\n<p><strong><a href=\"https:\/\/www.diasen.com\/pt-pt\/isolamento-cortica\/\">A corti\u00e7a expandida, em particular, desponta como um material de excel\u00eancia em termos de durabilidade e isolamento t\u00e9rmico<\/a>.<\/strong> O processo de produ\u00e7\u00e3o, que n\u00e3o requer o uso de colas ou aditivos qu\u00edmicos, utiliza a casca previamente curada e selecionada, reduzida a gr\u00e2nulos e distribu\u00edda em blocos met\u00e1licos. A adi\u00e7\u00e3o de vapor de \u00e1gua a temperaturas controladas leva \u00e0 expans\u00e3o do gr\u00e2nulo, aumentando seu volume em 30%, liberando subst\u00e2ncias cerosas, suberina e lignina que atuam como colas naturais.<\/p>\n<h2>Vantagens da corti\u00e7a na bioarquitetura<\/h2>\n<p>Sua resist\u00eancia \u00e0 \u00e1gua \u00e9 uma caracter\u00edstica distintiva que a torna ideal para aplica\u00e7\u00f5es em que a <a href=\"https:\/\/www.thermomatic.com.br\/fique-por-dentro\/como-tirar-a-umidade-da-casa.html\"><strong><u>remo\u00e7\u00e3o de umidade<\/u><\/strong><\/a> \u00e9 essencial. Al\u00e9m disso, a durabilidade ilimitada da corti\u00e7a proporciona uma longevidade inigual\u00e1vel, dando ao material uma vantagem significativa no projeto de solu\u00e7\u00f5es de constru\u00e7\u00e3o de longo prazo.<\/p>\n<p>A corti\u00e7a mant\u00e9m suas caracter\u00edsticas estruturais ao longo do tempo, garante a const\u00e2ncia do desempenho e da resist\u00eancia estrutural e, portanto, contribui para a solidez e a confiabilidade das estruturas dos edif\u00edcios. <a href=\"https:\/\/www.diasen.com\/pt-pt\/isolamento-cortica\/\">A <strong>\u00f3tima capacidade de isolamento da corti\u00e7a<\/strong><\/a>, expressa por um lambda declarado de 0,039, converte-a em um aliado insubstitu\u00edvel para o isolamento t\u00e9rmico. Este valor representa a capacidade de condu\u00e7\u00e3o de calor do material, comprovando que a corti\u00e7a expandida \u00e9 uma solu\u00e7\u00e3o de alto desempenho para garantir o conforto t\u00e9rmico nos espa\u00e7os habitacionais.<\/p>\n<p><strong>A captura de CO2 representa uma contribui\u00e7\u00e3o significativa para a sustentabilidade ambiental oferecida pela corti\u00e7a<\/strong>. Al\u00e9m de ser um material natural e recicl\u00e1vel, a capacidade de capturar di\u00f3xido de carbono durante o processo de produ\u00e7\u00e3o e uso contribui ativamente para a redu\u00e7\u00e3o do impacto ambiental geral.<\/p>\n<p><strong>A resist\u00eancia ao fogo, a elasticidade e a resist\u00eancia \u00e0 compress\u00e3o<\/strong> s\u00e3o outras caracter\u00edsticas que tornam a corti\u00e7a uma op\u00e7\u00e3o vers\u00e1til e segura para o setor da constru\u00e7\u00e3o civil. A capacidade de sua estrutura de se manter intacta mesmo em condi\u00e7\u00f5es adversas, como durante um inc\u00eandio, enfatiza a import\u00e2ncia desse material em termos de seguran\u00e7a e prote\u00e7\u00e3o.<\/p>\n<h2>Corti\u00e7a na bioarquitetura: Conclus\u00f5es<\/h2>\n<p>A combina\u00e7\u00e3o elegante de tradi\u00e7\u00e3o e inova\u00e7\u00e3o se reflete em toda a ind\u00fastria da corti\u00e7a, desde o cultivo nos pitorescos bosques de sobreiros, verdadeiros o\u00e1sis de biodiversidade, at\u00e9 a produ\u00e7\u00e3o sofisticada de materiais como a corti\u00e7a expandida, que confere uma efici\u00eancia superior ao setor da constru\u00e7\u00e3o civil atual.<\/p>\n<p>Al\u00e9m de representar a excel\u00eancia t\u00e9cnica, esse material \u00e9 um guardi\u00e3o de uma hist\u00f3ria secular, mantendo vivas as tradi\u00e7\u00f5es e o compromisso com a prote\u00e7\u00e3o ambiental. A sua versatilidade, demonstrada na cria\u00e7\u00e3o de pavimentos, revestimentos, pain\u00e9is isolantes, mas tamb\u00e9m de tintas isolantes como as da Diasen, comprova que a corti\u00e7a \u00e9 um aliado na cria\u00e7\u00e3o de espa\u00e7os elegantes e confort\u00e1veis.<\/p>\n<p>O renascimento da corti\u00e7a no campo da bioarquitetura n\u00e3o representa apenas uma afirma\u00e7\u00e3o de sustentabilidade, mas tamb\u00e9m o reconhecimento de um ecossistema precioso que se estende desde o cora\u00e7\u00e3o das florestas mediterr\u00e2neas at\u00e9 o design de edif\u00edcios modernos.<\/p>\n","protected":false},"excerpt":{"rendered":"<p>O foco na sustentabilidade e na circularidade est\u00e1 perfeitamente integrado no ciclo de produ\u00e7\u00e3o da corti\u00e7a, um material vers\u00e1til que \u00e9 amplamente utilizado nas atividades de constru\u00e7\u00e3o e reforma gra\u00e7as&#8230;<\/p>\n","protected":false},"author":15,"featured_media":71515,"comment_status":"closed","ping_status":"open","sticky":false,"template":"","format":"standard","meta":{"_acf_changed":false,"content-type":"","inline_featured_image":false,"_price":"","_stock":"","_tribe_ticket_header":"","_tribe_default_ticket_provider":"","_tribe_ticket_capacity":"","_ticket_start_date":"","_ticket_end_date":"","_tribe_ticket_show_description":"","_tribe_ticket_show_not_going":false,"_tribe_ticket_use_global_stock":"","_tribe_ticket_global_stock_level":"","_global_stock_mode":"","_global_stock_cap":"","_tribe_rsvp_for_event":"","_tribe_ticket_going_count":"","_tribe_ticket_not_going_count":"","_tribe_tickets_list":"[]","_tribe_ticket_has_attendee_info_fields":false,"footnotes":""},"categories":[783,1537],"tags":[],"class_list":["post-77282","post","type-post","status-publish","format-standard","has-post-thumbnail","category-cortica","category-sughero-pt-pt"],"acf":[],"yoast_head":"<!-- This site is optimized with the Yoast SEO plugin v27.4 - https:\/\/yoast.com\/product\/yoast-seo-wordpress\/ -->\n<title>O renascimento da corti\u00e7a na bioarquitetura<\/title>\n<meta name=\"description\" content=\"O renascimento da corti\u00e7a na bioarquitetura: A corti\u00e7a mant\u00e9m suas caracter\u00edsticas estruturais ao longo do tempo, garante a const\u00e2ncia...\" \/>\n<meta name=\"robots\" content=\"index, follow, max-snippet:-1, max-image-preview:large, max-video-preview:-1\" \/>\n<link rel=\"canonical\" href=\"https:\/\/www.diasen.com\/pt-pt\/o-renascimento-da-cortica-na-bioarquitetura\/\" \/>\n<meta property=\"og:locale\" content=\"pt_PT\" \/>\n<meta property=\"og:type\" content=\"article\" \/>\n<meta property=\"og:title\" content=\"O renascimento da corti\u00e7a na bioarquitetura\" \/>\n<meta property=\"og:description\" content=\"O renascimento da corti\u00e7a na bioarquitetura: A corti\u00e7a mant\u00e9m suas caracter\u00edsticas estruturais ao longo do tempo, garante a const\u00e2ncia...\" \/>\n<meta property=\"og:url\" content=\"https:\/\/www.diasen.com\/pt-pt\/o-renascimento-da-cortica-na-bioarquitetura\/\" \/>\n<meta property=\"og:site_name\" content=\"Diasen\" \/>\n<meta property=\"article:published_time\" content=\"2023-11-17T10:44:42+00:00\" \/>\n<meta property=\"article:modified_time\" content=\"2024-05-17T08:38:00+00:00\" \/>\n<meta property=\"og:image\" content=\"https:\/\/www.diasen.com\/wp-content\/uploads\/2023\/11\/sughero-in-bioedilia.jpg\" \/>\n\t<meta property=\"og:image:width\" content=\"1600\" \/>\n\t<meta property=\"og:image:height\" content=\"1072\" \/>\n\t<meta property=\"og:image:type\" content=\"image\/jpeg\" \/>\n<meta name=\"author\" content=\"Diasen\" \/>\n<meta name=\"twitter:card\" content=\"summary_large_image\" \/>\n<meta name=\"twitter:label1\" content=\"Escrito por\" \/>\n\t<meta name=\"twitter:data1\" content=\"Diasen\" \/>\n\t<meta name=\"twitter:label2\" content=\"Tempo estimado de leitura\" \/>\n\t<meta name=\"twitter:data2\" content=\"6 minutos\" \/>\n<script type=\"application\/ld+json\" class=\"yoast-schema-graph\">{\"@context\":\"https:\\\/\\\/schema.org\",\"@graph\":[{\"@type\":\"Article\",\"@id\":\"https:\\\/\\\/www.diasen.com\\\/pt-pt\\\/o-renascimento-da-cortica-na-bioarquitetura\\\/#article\",\"isPartOf\":{\"@id\":\"https:\\\/\\\/www.diasen.com\\\/pt-pt\\\/o-renascimento-da-cortica-na-bioarquitetura\\\/\"},\"author\":{\"name\":\"Diasen\",\"@id\":\"https:\\\/\\\/diasen.com\\\/#\\\/schema\\\/person\\\/4ae59810b85e38a59f10ea65b42a9cab\"},\"headline\":\"O renascimento da corti\u00e7a na bioarquitetura: um ecossistema valioso\",\"datePublished\":\"2023-11-17T10:44:42+00:00\",\"dateModified\":\"2024-05-17T08:38:00+00:00\",\"mainEntityOfPage\":{\"@id\":\"https:\\\/\\\/www.diasen.com\\\/pt-pt\\\/o-renascimento-da-cortica-na-bioarquitetura\\\/\"},\"wordCount\":1096,\"publisher\":{\"@id\":\"https:\\\/\\\/diasen.com\\\/#organization\"},\"image\":{\"@id\":\"https:\\\/\\\/www.diasen.com\\\/pt-pt\\\/o-renascimento-da-cortica-na-bioarquitetura\\\/#primaryimage\"},\"thumbnailUrl\":\"https:\\\/\\\/www.diasen.com\\\/wp-content\\\/uploads\\\/2023\\\/11\\\/sughero-in-bioedilia.jpg\",\"articleSection\":[\"Corti\u00e7a\",\"Sughero\"],\"inLanguage\":\"pt-PT\"},{\"@type\":\"WebPage\",\"@id\":\"https:\\\/\\\/www.diasen.com\\\/pt-pt\\\/o-renascimento-da-cortica-na-bioarquitetura\\\/\",\"url\":\"https:\\\/\\\/www.diasen.com\\\/pt-pt\\\/o-renascimento-da-cortica-na-bioarquitetura\\\/\",\"name\":\"O renascimento da corti\u00e7a na bioarquitetura\",\"isPartOf\":{\"@id\":\"https:\\\/\\\/diasen.com\\\/#website\"},\"primaryImageOfPage\":{\"@id\":\"https:\\\/\\\/www.diasen.com\\\/pt-pt\\\/o-renascimento-da-cortica-na-bioarquitetura\\\/#primaryimage\"},\"image\":{\"@id\":\"https:\\\/\\\/www.diasen.com\\\/pt-pt\\\/o-renascimento-da-cortica-na-bioarquitetura\\\/#primaryimage\"},\"thumbnailUrl\":\"https:\\\/\\\/www.diasen.com\\\/wp-content\\\/uploads\\\/2023\\\/11\\\/sughero-in-bioedilia.jpg\",\"datePublished\":\"2023-11-17T10:44:42+00:00\",\"dateModified\":\"2024-05-17T08:38:00+00:00\",\"description\":\"O renascimento da corti\u00e7a na bioarquitetura: A corti\u00e7a mant\u00e9m suas caracter\u00edsticas estruturais ao longo do tempo, garante a const\u00e2ncia...\",\"breadcrumb\":{\"@id\":\"https:\\\/\\\/www.diasen.com\\\/pt-pt\\\/o-renascimento-da-cortica-na-bioarquitetura\\\/#breadcrumb\"},\"inLanguage\":\"pt-PT\",\"potentialAction\":[{\"@type\":\"ReadAction\",\"target\":[\"https:\\\/\\\/www.diasen.com\\\/pt-pt\\\/o-renascimento-da-cortica-na-bioarquitetura\\\/\"]}]},{\"@type\":\"ImageObject\",\"inLanguage\":\"pt-PT\",\"@id\":\"https:\\\/\\\/www.diasen.com\\\/pt-pt\\\/o-renascimento-da-cortica-na-bioarquitetura\\\/#primaryimage\",\"url\":\"https:\\\/\\\/www.diasen.com\\\/wp-content\\\/uploads\\\/2023\\\/11\\\/sughero-in-bioedilia.jpg\",\"contentUrl\":\"https:\\\/\\\/www.diasen.com\\\/wp-content\\\/uploads\\\/2023\\\/11\\\/sughero-in-bioedilia.jpg\",\"width\":1600,\"height\":1072,\"caption\":\"sughero in bioedilia\"},{\"@type\":\"BreadcrumbList\",\"@id\":\"https:\\\/\\\/www.diasen.com\\\/pt-pt\\\/o-renascimento-da-cortica-na-bioarquitetura\\\/#breadcrumb\",\"itemListElement\":[{\"@type\":\"ListItem\",\"position\":1,\"name\":\"Home\",\"item\":\"https:\\\/\\\/www.diasen.com\\\/\"},{\"@type\":\"ListItem\",\"position\":2,\"name\":\"O renascimento da corti\u00e7a na bioarquitetura: um ecossistema valioso\"}]},{\"@type\":\"WebSite\",\"@id\":\"https:\\\/\\\/diasen.com\\\/#website\",\"url\":\"https:\\\/\\\/diasen.com\\\/\",\"name\":\"Diasen\",\"description\":\"\",\"publisher\":{\"@id\":\"https:\\\/\\\/diasen.com\\\/#organization\"},\"potentialAction\":[{\"@type\":\"SearchAction\",\"target\":{\"@type\":\"EntryPoint\",\"urlTemplate\":\"https:\\\/\\\/diasen.com\\\/?s={search_term_string}\"},\"query-input\":{\"@type\":\"PropertyValueSpecification\",\"valueRequired\":true,\"valueName\":\"search_term_string\"}}],\"inLanguage\":\"pt-PT\"},{\"@type\":\"Organization\",\"@id\":\"https:\\\/\\\/diasen.com\\\/#organization\",\"name\":\"Diasen\",\"url\":\"https:\\\/\\\/diasen.com\\\/\",\"logo\":{\"@type\":\"ImageObject\",\"inLanguage\":\"pt-PT\",\"@id\":\"https:\\\/\\\/diasen.com\\\/#\\\/schema\\\/logo\\\/image\\\/\",\"url\":\"https:\\\/\\\/www.diasen.com\\\/wp-content\\\/uploads\\\/2026\\\/04\\\/logo_diasen.png\",\"contentUrl\":\"https:\\\/\\\/www.diasen.com\\\/wp-content\\\/uploads\\\/2026\\\/04\\\/logo_diasen.png\",\"width\":300,\"height\":160,\"caption\":\"Diasen\"},\"image\":{\"@id\":\"https:\\\/\\\/diasen.com\\\/#\\\/schema\\\/logo\\\/image\\\/\"}},{\"@type\":\"Person\",\"@id\":\"https:\\\/\\\/diasen.com\\\/#\\\/schema\\\/person\\\/4ae59810b85e38a59f10ea65b42a9cab\",\"name\":\"Diasen\",\"image\":{\"@type\":\"ImageObject\",\"inLanguage\":\"pt-PT\",\"@id\":\"https:\\\/\\\/secure.gravatar.com\\\/avatar\\\/c712cde7b26e86dd5d498092f4924eebcd48ad89b60dde10fe91a16d78653e4e?s=96&d=mm&r=g\",\"url\":\"https:\\\/\\\/secure.gravatar.com\\\/avatar\\\/c712cde7b26e86dd5d498092f4924eebcd48ad89b60dde10fe91a16d78653e4e?s=96&d=mm&r=g\",\"contentUrl\":\"https:\\\/\\\/secure.gravatar.com\\\/avatar\\\/c712cde7b26e86dd5d498092f4924eebcd48ad89b60dde10fe91a16d78653e4e?s=96&d=mm&r=g\",\"caption\":\"Diasen\"},\"url\":\"https:\\\/\\\/www.diasen.com\\\/pt-pt\\\/author\\\/diasen\\\/\"}]}<\/script>\n<!-- \/ Yoast SEO plugin. -->","yoast_head_json":{"title":"O renascimento da corti\u00e7a na bioarquitetura","description":"O renascimento da corti\u00e7a na bioarquitetura: A corti\u00e7a mant\u00e9m suas caracter\u00edsticas estruturais ao longo do tempo, garante a const\u00e2ncia...","robots":{"index":"index","follow":"follow","max-snippet":"max-snippet:-1","max-image-preview":"max-image-preview:large","max-video-preview":"max-video-preview:-1"},"canonical":"https:\/\/www.diasen.com\/pt-pt\/o-renascimento-da-cortica-na-bioarquitetura\/","og_locale":"pt_PT","og_type":"article","og_title":"O renascimento da corti\u00e7a na bioarquitetura","og_description":"O renascimento da corti\u00e7a na bioarquitetura: A corti\u00e7a mant\u00e9m suas caracter\u00edsticas estruturais ao longo do tempo, garante a const\u00e2ncia...","og_url":"https:\/\/www.diasen.com\/pt-pt\/o-renascimento-da-cortica-na-bioarquitetura\/","og_site_name":"Diasen","article_published_time":"2023-11-17T10:44:42+00:00","article_modified_time":"2024-05-17T08:38:00+00:00","og_image":[{"width":1600,"height":1072,"url":"https:\/\/www.diasen.com\/wp-content\/uploads\/2023\/11\/sughero-in-bioedilia.jpg","type":"image\/jpeg"}],"author":"Diasen","twitter_card":"summary_large_image","twitter_misc":{"Escrito por":"Diasen","Tempo estimado de leitura":"6 minutos"},"schema":{"@context":"https:\/\/schema.org","@graph":[{"@type":"Article","@id":"https:\/\/www.diasen.com\/pt-pt\/o-renascimento-da-cortica-na-bioarquitetura\/#article","isPartOf":{"@id":"https:\/\/www.diasen.com\/pt-pt\/o-renascimento-da-cortica-na-bioarquitetura\/"},"author":{"name":"Diasen","@id":"https:\/\/diasen.com\/#\/schema\/person\/4ae59810b85e38a59f10ea65b42a9cab"},"headline":"O renascimento da corti\u00e7a na bioarquitetura: um ecossistema valioso","datePublished":"2023-11-17T10:44:42+00:00","dateModified":"2024-05-17T08:38:00+00:00","mainEntityOfPage":{"@id":"https:\/\/www.diasen.com\/pt-pt\/o-renascimento-da-cortica-na-bioarquitetura\/"},"wordCount":1096,"publisher":{"@id":"https:\/\/diasen.com\/#organization"},"image":{"@id":"https:\/\/www.diasen.com\/pt-pt\/o-renascimento-da-cortica-na-bioarquitetura\/#primaryimage"},"thumbnailUrl":"https:\/\/www.diasen.com\/wp-content\/uploads\/2023\/11\/sughero-in-bioedilia.jpg","articleSection":["Corti\u00e7a","Sughero"],"inLanguage":"pt-PT"},{"@type":"WebPage","@id":"https:\/\/www.diasen.com\/pt-pt\/o-renascimento-da-cortica-na-bioarquitetura\/","url":"https:\/\/www.diasen.com\/pt-pt\/o-renascimento-da-cortica-na-bioarquitetura\/","name":"O renascimento da corti\u00e7a na bioarquitetura","isPartOf":{"@id":"https:\/\/diasen.com\/#website"},"primaryImageOfPage":{"@id":"https:\/\/www.diasen.com\/pt-pt\/o-renascimento-da-cortica-na-bioarquitetura\/#primaryimage"},"image":{"@id":"https:\/\/www.diasen.com\/pt-pt\/o-renascimento-da-cortica-na-bioarquitetura\/#primaryimage"},"thumbnailUrl":"https:\/\/www.diasen.com\/wp-content\/uploads\/2023\/11\/sughero-in-bioedilia.jpg","datePublished":"2023-11-17T10:44:42+00:00","dateModified":"2024-05-17T08:38:00+00:00","description":"O renascimento da corti\u00e7a na bioarquitetura: A corti\u00e7a mant\u00e9m suas caracter\u00edsticas estruturais ao longo do tempo, garante a const\u00e2ncia...","breadcrumb":{"@id":"https:\/\/www.diasen.com\/pt-pt\/o-renascimento-da-cortica-na-bioarquitetura\/#breadcrumb"},"inLanguage":"pt-PT","potentialAction":[{"@type":"ReadAction","target":["https:\/\/www.diasen.com\/pt-pt\/o-renascimento-da-cortica-na-bioarquitetura\/"]}]},{"@type":"ImageObject","inLanguage":"pt-PT","@id":"https:\/\/www.diasen.com\/pt-pt\/o-renascimento-da-cortica-na-bioarquitetura\/#primaryimage","url":"https:\/\/www.diasen.com\/wp-content\/uploads\/2023\/11\/sughero-in-bioedilia.jpg","contentUrl":"https:\/\/www.diasen.com\/wp-content\/uploads\/2023\/11\/sughero-in-bioedilia.jpg","width":1600,"height":1072,"caption":"sughero in bioedilia"},{"@type":"BreadcrumbList","@id":"https:\/\/www.diasen.com\/pt-pt\/o-renascimento-da-cortica-na-bioarquitetura\/#breadcrumb","itemListElement":[{"@type":"ListItem","position":1,"name":"Home","item":"https:\/\/www.diasen.com\/"},{"@type":"ListItem","position":2,"name":"O renascimento da corti\u00e7a na bioarquitetura: um ecossistema valioso"}]},{"@type":"WebSite","@id":"https:\/\/diasen.com\/#website","url":"https:\/\/diasen.com\/","name":"Diasen","description":"","publisher":{"@id":"https:\/\/diasen.com\/#organization"},"potentialAction":[{"@type":"SearchAction","target":{"@type":"EntryPoint","urlTemplate":"https:\/\/diasen.com\/?s={search_term_string}"},"query-input":{"@type":"PropertyValueSpecification","valueRequired":true,"valueName":"search_term_string"}}],"inLanguage":"pt-PT"},{"@type":"Organization","@id":"https:\/\/diasen.com\/#organization","name":"Diasen","url":"https:\/\/diasen.com\/","logo":{"@type":"ImageObject","inLanguage":"pt-PT","@id":"https:\/\/diasen.com\/#\/schema\/logo\/image\/","url":"https:\/\/www.diasen.com\/wp-content\/uploads\/2026\/04\/logo_diasen.png","contentUrl":"https:\/\/www.diasen.com\/wp-content\/uploads\/2026\/04\/logo_diasen.png","width":300,"height":160,"caption":"Diasen"},"image":{"@id":"https:\/\/diasen.com\/#\/schema\/logo\/image\/"}},{"@type":"Person","@id":"https:\/\/diasen.com\/#\/schema\/person\/4ae59810b85e38a59f10ea65b42a9cab","name":"Diasen","image":{"@type":"ImageObject","inLanguage":"pt-PT","@id":"https:\/\/secure.gravatar.com\/avatar\/c712cde7b26e86dd5d498092f4924eebcd48ad89b60dde10fe91a16d78653e4e?s=96&d=mm&r=g","url":"https:\/\/secure.gravatar.com\/avatar\/c712cde7b26e86dd5d498092f4924eebcd48ad89b60dde10fe91a16d78653e4e?s=96&d=mm&r=g","contentUrl":"https:\/\/secure.gravatar.com\/avatar\/c712cde7b26e86dd5d498092f4924eebcd48ad89b60dde10fe91a16d78653e4e?s=96&d=mm&r=g","caption":"Diasen"},"url":"https:\/\/www.diasen.com\/pt-pt\/author\/diasen\/"}]}},"_links":{"self":[{"href":"https:\/\/www.diasen.com\/pt-pt\/wp-json\/wp\/v2\/posts\/77282","targetHints":{"allow":["GET"]}}],"collection":[{"href":"https:\/\/www.diasen.com\/pt-pt\/wp-json\/wp\/v2\/posts"}],"about":[{"href":"https:\/\/www.diasen.com\/pt-pt\/wp-json\/wp\/v2\/types\/post"}],"author":[{"embeddable":true,"href":"https:\/\/www.diasen.com\/pt-pt\/wp-json\/wp\/v2\/users\/15"}],"replies":[{"embeddable":true,"href":"https:\/\/www.diasen.com\/pt-pt\/wp-json\/wp\/v2\/comments?post=77282"}],"version-history":[{"count":0,"href":"https:\/\/www.diasen.com\/pt-pt\/wp-json\/wp\/v2\/posts\/77282\/revisions"}],"wp:featuredmedia":[{"embeddable":true,"href":"https:\/\/www.diasen.com\/pt-pt\/wp-json\/wp\/v2\/media\/71515"}],"wp:attachment":[{"href":"https:\/\/www.diasen.com\/pt-pt\/wp-json\/wp\/v2\/media?parent=77282"}],"wp:term":[{"taxonomy":"category","embeddable":true,"href":"https:\/\/www.diasen.com\/pt-pt\/wp-json\/wp\/v2\/categories?post=77282"},{"taxonomy":"post_tag","embeddable":true,"href":"https:\/\/www.diasen.com\/pt-pt\/wp-json\/wp\/v2\/tags?post=77282"}],"curies":[{"name":"wp","href":"https:\/\/api.w.org\/{rel}","templated":true}]}}