{"id":68186,"date":"2023-07-17T11:17:00","date_gmt":"2023-07-17T09:17:00","guid":{"rendered":"https:\/\/www.diasen.com\/sughero-per-isolamento-termico\/"},"modified":"2023-07-28T14:32:50","modified_gmt":"2023-07-28T12:32:50","slug":"cortica-para-isolamento-termico","status":"publish","type":"post","link":"https:\/\/www.diasen.com\/pt-pt\/cortica-para-isolamento-termico\/","title":{"rendered":"Corti\u00e7a para isolamento t\u00e9rmico, a alma do desempenho"},"content":{"rendered":"\r\n<p><strong>A corti\u00e7a \u00e9 um elemento fundamental da identidade da Diasen<\/strong>, \u00e9 a mat\u00e9ria-prima valiosa que impulsiona a qualidade dos nossos produtos. A versatilidade desse material possibilitou uma aplica\u00e7\u00e3o inovadora no campo da constru\u00e7\u00e3o e arquitetura ecol\u00f3gicas, oferecendo uma alternativa real ao arriscado mercado das rolhas de corti\u00e7a.<\/p>\r\n<p>&nbsp;<\/p>\r\n<h2><strong>Isolamento t\u00e9rmico com corti\u00e7a, efici\u00eancia e conforto<\/strong><\/h2>\r\n<p>A combina\u00e7\u00e3o da corti\u00e7a com outros materiais naturais na forma de bioargamassas garante um alto desempenho em termos de <a href=\"https:\/\/www.diasen.com\/pt-pt\/isolamento-termico-construcao\/\"><strong><u>isolamento t\u00e9rmico<\/u><\/strong><\/a>, mas tamb\u00e9m se caracteriza por ser um material sustent\u00e1vel, ecol\u00f3gico e renov\u00e1vel, capaz de reduzir o impacto ambiental das atividades construtivas.<\/p>\r\n<p>Mas <strong>o que torna a corti\u00e7a t\u00e3o especial como isolante t\u00e9rmico?<\/strong> Em primeiro lugar, sua baixa condutividade t\u00e9rmica permite limitar a transfer\u00eancia de calor pelas paredes, reduzindo assim a perda de energia e garantindo maior conforto no interior das edifica\u00e7\u00f5es.<\/p>\r\n<p>&nbsp;<\/p>\r\n<h2>Tudo gra\u00e7as \u00e0 sua alta porosidade<\/h2>\r\n<p>A corti\u00e7a tem sido usada h\u00e1 s\u00e9culos como <strong><u>isolante t\u00e9rmico<\/u><\/strong>. Gra\u00e7as \u00e0 sua estrutura alveolar, ela oferece uma capacidade de isolamento excepcional devido ao ar incorporado em sua estrutura.<\/p>\r\n<p>A corti\u00e7a consiste em uma cadeia de c\u00e9lulas ocas preenchidas com ar, o que torna o material particularmente leve. Isso significa que a corti\u00e7a tem uma condutividade t\u00e9rmica muito baixa, o que permite que ela retenha o calor dentro da sua matriz estrutural.<\/p>\r\n<p>Na Diasen, usamos a corti\u00e7a porque ela reduz a perda de calor para o exterior durante os meses mais frios e diminui a entrada de calor no ver\u00e3o. Mas as propriedades da corti\u00e7a n\u00e3o se limitam ao <a href=\"https:\/\/www.diasen.com\/pt-pt\/isolamento-termico-interno\/\"><strong>isolamento t\u00e9rmico interno<\/strong><\/a>. A corti\u00e7a tamb\u00e9m \u00e9 capaz de <strong>evitar a forma\u00e7\u00e3o de umidade e condensa\u00e7\u00e3o<\/strong>, reduzindo assim o risco de crescimento de mofo nas paredes.<\/p>\r\n<p>Em resumo, as excelentes propriedades da corti\u00e7a permitem que ela <strong>seja usada para isolamento t\u00e9rmico e ac\u00fastico, o que resulta em ambientes secos e sem mofo<\/strong>, mantendo a casa mais saud\u00e1vel e confort\u00e1vel para seus usu\u00e1rios.<\/p>\r\n<p>&nbsp;<\/p>\r\n<h2><strong>Vers\u00e1til e el\u00e1stica, as caracter\u00edsticas da corti\u00e7a<\/strong><\/h2>\r\n<p>Outro fator que contribui para o bom desempenho da corti\u00e7a como material de constru\u00e7\u00e3o ecol\u00f3gico \u00e9 a sua <strong>elasticidade<\/strong>.<\/p>\r\n<p>Essa caracter\u00edstica permite que a corti\u00e7a se adapte sem altera\u00e7\u00f5es estruturais \u00e0s tens\u00f5es t\u00e9rmicas e \u00e0s varia\u00e7\u00f5es de temperatura e umidade, mantendo intactas suas propriedades isolantes ao longo do tempo. Dessa forma, a corti\u00e7a \u00e9 capaz de fornecer prote\u00e7\u00e3o t\u00e9rmica eficaz sem sofrer deforma\u00e7\u00e3o ou reduzir seu desempenho.<\/p>\r\n<p>Isso n\u00e3o apenas reduz a necessidade de manuten\u00e7\u00e3o dos edif\u00edcios, o que economiza dinheiro, mas tamb\u00e9m reduz a quantidade de res\u00edduos liberados no meio ambiente. A corti\u00e7a tem um <strong>ciclo de vida muito sustent\u00e1vel<\/strong> e sua durabilidade permite que o setor de constru\u00e7\u00e3o se torne ainda mais ecol\u00f3gico.<\/p>\r\n<p>&nbsp;<\/p>\r\n<h2><strong>N\u00e3o apenas conforto, a corti\u00e7a tamb\u00e9m \u00e9 sustent\u00e1vel<\/strong><\/h2>\r\n<p>A corti\u00e7a n\u00e3o \u00e9 apenas um material excepcional do ponto de vista t\u00e9cnico, ela tamb\u00e9m <strong>se destaca por sua sustentabilidade ambiental<\/strong>.<\/p>\r\n<p>A <a href=\"https:\/\/www.diasen.com\/pt-pt\/isolamento-cortica\/\"><strong>corti\u00e7a \u00e9 um material natural<\/strong><\/a> com um ciclo de vida longo e sustent\u00e1vel em todas as suas fases. \u00c9 uma casca, com regenera\u00e7\u00e3o decenal, produzida por uma \u00e1rvore perene semelhante a um carvalho, que cresce em determinadas regi\u00f5es do <strong>Mediterr\u00e2neo<\/strong>, especialmente em sua parte ocidental. O uso da corti\u00e7a \u00e9 uma tradi\u00e7\u00e3o antiga, que tem impacto na vida das comunidades locais, que obt\u00eam parte de sua renda do <a href=\"https:\/\/www.diasen.com\/pt-pt\/sobreiro\/\"><strong>cultivo do sobreiro<\/strong><\/a>.<\/p>\r\n<p>Trata-se, portanto, de um material 100% natural, obtido da <strong><u>casca de uma \u00e1rvore<\/u><\/strong>, sem o uso de produtos qu\u00edmicos ou subst\u00e2ncias nocivas ao meio ambiente. Al\u00e9m disso, a extra\u00e7\u00e3o da corti\u00e7a n\u00e3o prejudica as \u00e1rvores, que se renovam naturalmente ao seu tempo e \u00e0 sua maneira. Uma vez usada, inclusive no setor de constru\u00e7\u00e3o, a corti\u00e7a pode ser renovada, reciclada ou descartada sem prejudicar o meio ambiente.<\/p>\r\n<p>Em resumo, a corti\u00e7a vem da natureza e retorna a ela depois de cumprida a sua finalidade. A magia desse material est\u00e1 em sua longa tradi\u00e7\u00e3o, j\u00e1 que os antigos povos n\u00f4mades a utilizavam como isolante t\u00e9rmico. Ela chegou at\u00e9 n\u00f3s e nos permite abra\u00e7ar a transi\u00e7\u00e3o ecol\u00f3gica para uma arquitetura mais sustent\u00e1vel e menos poluente.<\/p>\r\n<p>&nbsp;<\/p>\r\n<h2><strong>A corti\u00e7a a servi\u00e7o do conforto e da economia<\/strong><\/h2>\r\n<p>A casa \u00e9 o lugar onde passamos a maior parte do nosso tempo, um ref\u00fagio onde descansamos e nos regeneramos. Por isso, \u00e9 essencial que a casa seja um ambiente saud\u00e1vel, confort\u00e1vel e seguro para a nossa sa\u00fade e bem-estar psicof\u00edsico.<\/p>\r\n<p><strong>As bioargamassas e as <a href=\"https:\/\/www.diasen.com\/pt-pt\/tinta-termica\/\">tintas \u00e0 base de corti\u00e7a<\/a> t\u00eam uma vida \u00fatil longa e exigem muito pouca manuten\u00e7\u00e3o<\/strong>, o que as torna uma excelente op\u00e7\u00e3o a longo prazo para quem deseja tornar sua casa mais eficiente em termos de consumo de energia, mas tamb\u00e9m mais confort\u00e1vel para toda a fam\u00edlia.<\/p>\r\n<p><strong>A temperatura \u00e9 um fator essencial para garantir o conforto do lar<\/strong>. De fato, uma temperatura muito alta ou muito baixa pode causar desconforto e estresse, comprometendo a qualidade de vida. Al\u00e9m disso, uma temperatura inadequada pode afetar negativamente nosso sistema imunol\u00f3gico, aumentando o risco de contrair doen\u00e7as.<\/p>\r\n<p>O uso de bioargamassas e tintas \u00e0 base de corti\u00e7a faz a diferen\u00e7a, pois permite que a casa mantenha seu equil\u00edbrio t\u00e9rmico.<\/p>\r\n<p>Isso significa que n\u00e3o \u00e9 necess\u00e1rio usar muita eletricidade ou muito g\u00e1s para gerar um microclima adequado na casa. Gra\u00e7as \u00e0 aplica\u00e7\u00e3o de bioargamassas e tintas \u00e0 base de corti\u00e7a, voc\u00ea pode <strong>economizar dinheiro na conta de luz<\/strong>.<\/p>\r\n<p><a href=\"https:\/\/www.diasen.com\/pt-pt\/beneficios-isolamento-termico\/\"><strong>Escolher a corti\u00e7a como isolamento t\u00e9rmico significa investir em uma solu\u00e7\u00e3o ecol\u00f3gica e sustent\u00e1vel<\/strong><\/a>, capaz de garantir uma efici\u00eancia energ\u00e9tica superior \u00e0 dos materiais tradicionais, mas tamb\u00e9m um microclima excepcional adaptado a cada necessidade.<\/p>\r\n<p>A casa mant\u00e9m um microclima adequado, seco e livre de bact\u00e9rias que poderiam colocar em risco a sa\u00fade de seus habitantes. <strong><u>O<a href=\"https:\/\/sicnoticias.pt\/saude-e-bem-estar\/2023-01-29-A-humidade-e-o-bolor-podem-ser-causas-silenciosas-de-doencas-4ade1cf2\"> mofo e as bact\u00e9rias<\/a><\/u><\/strong><strong> podem causar problemas respirat\u00f3rios, alergias e irrita\u00e7\u00f5es na pele, especialmente nas pessoas mais sens\u00edveis, como crian\u00e7as e idosos<\/strong>. Al\u00e9m disso, a umidade pode favorecer a prolifera\u00e7\u00e3o de insetos e parasitas, aumentando o risco de contrair doen\u00e7as transmitidas por esses agentes patog\u00eanicos.<\/p>\r\n<p>A corti\u00e7a \u00e9 um material extremamente vers\u00e1til que se adapta a todos os tipos de estruturas e necessidades. Ela pode ser usada para o isolamento t\u00e9rmico de paredes, tetos, telhados e pisos, oferecendo uma solu\u00e7\u00e3o sob medida para cada ambiente e cada necessidade de conforto.<\/p>\r\n<p>Por isso, recomendamos os produtos \u00e0 base de corti\u00e7a da Diasen. Somos especialistas em isolamento t\u00e9rmico h\u00e1 d\u00e9cadas e auxiliamos as fam\u00edlias em sua busca por conforto, sustentabilidade e economia de energia. Sabemos o quanto \u00e9 importante ter uma casa fresca no ver\u00e3o e quente no inverno, livre de umidade e com isolamento ac\u00fastico eficiente.<\/p>\r\n<p>Nossas bioargamassas e tintas \u00e0 base de corti\u00e7a s\u00e3o a melhor solu\u00e7\u00e3o para atender a todas essas necessidades. Para mais informa\u00e7\u00f5es, visite nosso site ou entre em contato conosco para receber orienta\u00e7\u00f5es sobre as melhores op\u00e7\u00f5es dispon\u00edveis.<\/p>\r\n","protected":false},"excerpt":{"rendered":"<p>A corti\u00e7a \u00e9 um elemento fundamental da identidade da Diasen, \u00e9 a mat\u00e9ria-prima valiosa que impulsiona a qualidade dos nossos produtos. A versatilidade desse material possibilitou uma aplica\u00e7\u00e3o inovadora no&#8230;<\/p>\n","protected":false},"author":15,"featured_media":52799,"comment_status":"open","ping_status":"open","sticky":false,"template":"","format":"standard","meta":{"_acf_changed":false,"content-type":"","inline_featured_image":false,"_price":"","_stock":"","_tribe_ticket_header":"","_tribe_default_ticket_provider":"","_tribe_ticket_capacity":"","_ticket_start_date":"","_ticket_end_date":"","_tribe_ticket_show_description":"","_tribe_ticket_show_not_going":false,"_tribe_ticket_use_global_stock":"","_tribe_ticket_global_stock_level":"","_global_stock_mode":"","_global_stock_cap":"","_tribe_rsvp_for_event":"","_tribe_ticket_going_count":"","_tribe_ticket_not_going_count":"","_tribe_tickets_list":"[]","_tribe_ticket_has_attendee_info_fields":false,"footnotes":""},"categories":[783,1537],"tags":[],"class_list":["post-68186","post","type-post","status-publish","format-standard","has-post-thumbnail","category-cortica","category-sughero-pt-pt"],"acf":[],"yoast_head":"<!-- This site is optimized with the Yoast SEO plugin v27.4 - https:\/\/yoast.com\/product\/yoast-seo-wordpress\/ -->\n<title>Corti\u00e7a para isolamento t\u00e9rmico, a alma do desempenho<\/title>\n<meta name=\"description\" content=\"Corti\u00e7a para isolamento t\u00e9rmico, efici\u00eancia e conforto, um elemento fundamental da identidade da Diasen, \u00e9 a mat\u00e9ria-prima valiosa que...\" \/>\n<meta name=\"robots\" content=\"index, follow, max-snippet:-1, max-image-preview:large, max-video-preview:-1\" \/>\n<link rel=\"canonical\" href=\"https:\/\/www.diasen.com\/pt-pt\/cortica-para-isolamento-termico\/\" \/>\n<meta property=\"og:locale\" content=\"pt_PT\" \/>\n<meta property=\"og:type\" content=\"article\" \/>\n<meta property=\"og:title\" content=\"Corti\u00e7a para isolamento t\u00e9rmico, a alma do desempenho\" \/>\n<meta property=\"og:description\" content=\"Corti\u00e7a para isolamento t\u00e9rmico, efici\u00eancia e conforto, um elemento fundamental da identidade da Diasen, \u00e9 a mat\u00e9ria-prima valiosa que...\" \/>\n<meta property=\"og:url\" content=\"https:\/\/www.diasen.com\/pt-pt\/cortica-para-isolamento-termico\/\" \/>\n<meta property=\"og:site_name\" content=\"Diasen\" \/>\n<meta property=\"article:published_time\" content=\"2023-07-17T09:17:00+00:00\" \/>\n<meta property=\"article:modified_time\" content=\"2023-07-28T12:32:50+00:00\" \/>\n<meta property=\"og:image\" content=\"https:\/\/www.diasen.com\/wp-content\/uploads\/2023\/07\/sughero-per-isolamento-termico.jpg\" \/>\n\t<meta property=\"og:image:width\" content=\"1400\" \/>\n\t<meta property=\"og:image:height\" content=\"934\" \/>\n\t<meta property=\"og:image:type\" content=\"image\/jpeg\" \/>\n<meta name=\"author\" content=\"Diasen\" \/>\n<meta name=\"twitter:card\" content=\"summary_large_image\" \/>\n<meta name=\"twitter:label1\" content=\"Escrito por\" \/>\n\t<meta name=\"twitter:data1\" content=\"Diasen\" \/>\n\t<meta name=\"twitter:label2\" content=\"Tempo estimado de leitura\" \/>\n\t<meta name=\"twitter:data2\" content=\"6 minutos\" \/>\n<script type=\"application\/ld+json\" class=\"yoast-schema-graph\">{\"@context\":\"https:\\\/\\\/schema.org\",\"@graph\":[{\"@type\":\"Article\",\"@id\":\"https:\\\/\\\/www.diasen.com\\\/pt-pt\\\/cortica-para-isolamento-termico\\\/#article\",\"isPartOf\":{\"@id\":\"https:\\\/\\\/www.diasen.com\\\/pt-pt\\\/cortica-para-isolamento-termico\\\/\"},\"author\":{\"name\":\"Diasen\",\"@id\":\"https:\\\/\\\/diasen.com\\\/#\\\/schema\\\/person\\\/4ae59810b85e38a59f10ea65b42a9cab\"},\"headline\":\"Corti\u00e7a para isolamento t\u00e9rmico, a alma do desempenho\",\"datePublished\":\"2023-07-17T09:17:00+00:00\",\"dateModified\":\"2023-07-28T12:32:50+00:00\",\"mainEntityOfPage\":{\"@id\":\"https:\\\/\\\/www.diasen.com\\\/pt-pt\\\/cortica-para-isolamento-termico\\\/\"},\"wordCount\":1263,\"commentCount\":0,\"publisher\":{\"@id\":\"https:\\\/\\\/diasen.com\\\/#organization\"},\"image\":{\"@id\":\"https:\\\/\\\/www.diasen.com\\\/pt-pt\\\/cortica-para-isolamento-termico\\\/#primaryimage\"},\"thumbnailUrl\":\"https:\\\/\\\/www.diasen.com\\\/wp-content\\\/uploads\\\/2023\\\/07\\\/sughero-per-isolamento-termico.jpg\",\"articleSection\":[\"Corti\u00e7a\",\"Sughero\"],\"inLanguage\":\"pt-PT\"},{\"@type\":\"WebPage\",\"@id\":\"https:\\\/\\\/www.diasen.com\\\/pt-pt\\\/cortica-para-isolamento-termico\\\/\",\"url\":\"https:\\\/\\\/www.diasen.com\\\/pt-pt\\\/cortica-para-isolamento-termico\\\/\",\"name\":\"Corti\u00e7a para isolamento t\u00e9rmico, a alma do desempenho\",\"isPartOf\":{\"@id\":\"https:\\\/\\\/diasen.com\\\/#website\"},\"primaryImageOfPage\":{\"@id\":\"https:\\\/\\\/www.diasen.com\\\/pt-pt\\\/cortica-para-isolamento-termico\\\/#primaryimage\"},\"image\":{\"@id\":\"https:\\\/\\\/www.diasen.com\\\/pt-pt\\\/cortica-para-isolamento-termico\\\/#primaryimage\"},\"thumbnailUrl\":\"https:\\\/\\\/www.diasen.com\\\/wp-content\\\/uploads\\\/2023\\\/07\\\/sughero-per-isolamento-termico.jpg\",\"datePublished\":\"2023-07-17T09:17:00+00:00\",\"dateModified\":\"2023-07-28T12:32:50+00:00\",\"description\":\"Corti\u00e7a para isolamento t\u00e9rmico, efici\u00eancia e conforto, um elemento fundamental da identidade da Diasen, \u00e9 a mat\u00e9ria-prima valiosa que...\",\"breadcrumb\":{\"@id\":\"https:\\\/\\\/www.diasen.com\\\/pt-pt\\\/cortica-para-isolamento-termico\\\/#breadcrumb\"},\"inLanguage\":\"pt-PT\",\"potentialAction\":[{\"@type\":\"ReadAction\",\"target\":[\"https:\\\/\\\/www.diasen.com\\\/pt-pt\\\/cortica-para-isolamento-termico\\\/\"]}]},{\"@type\":\"ImageObject\",\"inLanguage\":\"pt-PT\",\"@id\":\"https:\\\/\\\/www.diasen.com\\\/pt-pt\\\/cortica-para-isolamento-termico\\\/#primaryimage\",\"url\":\"https:\\\/\\\/www.diasen.com\\\/wp-content\\\/uploads\\\/2023\\\/07\\\/sughero-per-isolamento-termico.jpg\",\"contentUrl\":\"https:\\\/\\\/www.diasen.com\\\/wp-content\\\/uploads\\\/2023\\\/07\\\/sughero-per-isolamento-termico.jpg\",\"width\":1400,\"height\":934,\"caption\":\"Close-up view on the stem with cutted bark of the oak tree in Portugal\"},{\"@type\":\"BreadcrumbList\",\"@id\":\"https:\\\/\\\/www.diasen.com\\\/pt-pt\\\/cortica-para-isolamento-termico\\\/#breadcrumb\",\"itemListElement\":[{\"@type\":\"ListItem\",\"position\":1,\"name\":\"Home\",\"item\":\"https:\\\/\\\/www.diasen.com\\\/\"},{\"@type\":\"ListItem\",\"position\":2,\"name\":\"Corti\u00e7a para isolamento t\u00e9rmico, a alma do desempenho\"}]},{\"@type\":\"WebSite\",\"@id\":\"https:\\\/\\\/diasen.com\\\/#website\",\"url\":\"https:\\\/\\\/diasen.com\\\/\",\"name\":\"Diasen\",\"description\":\"\",\"publisher\":{\"@id\":\"https:\\\/\\\/diasen.com\\\/#organization\"},\"potentialAction\":[{\"@type\":\"SearchAction\",\"target\":{\"@type\":\"EntryPoint\",\"urlTemplate\":\"https:\\\/\\\/diasen.com\\\/?s={search_term_string}\"},\"query-input\":{\"@type\":\"PropertyValueSpecification\",\"valueRequired\":true,\"valueName\":\"search_term_string\"}}],\"inLanguage\":\"pt-PT\"},{\"@type\":\"Organization\",\"@id\":\"https:\\\/\\\/diasen.com\\\/#organization\",\"name\":\"Diasen\",\"url\":\"https:\\\/\\\/diasen.com\\\/\",\"logo\":{\"@type\":\"ImageObject\",\"inLanguage\":\"pt-PT\",\"@id\":\"https:\\\/\\\/diasen.com\\\/#\\\/schema\\\/logo\\\/image\\\/\",\"url\":\"https:\\\/\\\/www.diasen.com\\\/wp-content\\\/uploads\\\/2026\\\/04\\\/logo_diasen.png\",\"contentUrl\":\"https:\\\/\\\/www.diasen.com\\\/wp-content\\\/uploads\\\/2026\\\/04\\\/logo_diasen.png\",\"width\":300,\"height\":160,\"caption\":\"Diasen\"},\"image\":{\"@id\":\"https:\\\/\\\/diasen.com\\\/#\\\/schema\\\/logo\\\/image\\\/\"}},{\"@type\":\"Person\",\"@id\":\"https:\\\/\\\/diasen.com\\\/#\\\/schema\\\/person\\\/4ae59810b85e38a59f10ea65b42a9cab\",\"name\":\"Diasen\",\"image\":{\"@type\":\"ImageObject\",\"inLanguage\":\"pt-PT\",\"@id\":\"https:\\\/\\\/secure.gravatar.com\\\/avatar\\\/c712cde7b26e86dd5d498092f4924eebcd48ad89b60dde10fe91a16d78653e4e?s=96&d=mm&r=g\",\"url\":\"https:\\\/\\\/secure.gravatar.com\\\/avatar\\\/c712cde7b26e86dd5d498092f4924eebcd48ad89b60dde10fe91a16d78653e4e?s=96&d=mm&r=g\",\"contentUrl\":\"https:\\\/\\\/secure.gravatar.com\\\/avatar\\\/c712cde7b26e86dd5d498092f4924eebcd48ad89b60dde10fe91a16d78653e4e?s=96&d=mm&r=g\",\"caption\":\"Diasen\"},\"url\":\"https:\\\/\\\/www.diasen.com\\\/pt-pt\\\/author\\\/diasen\\\/\"}]}<\/script>\n<!-- \/ Yoast SEO plugin. -->","yoast_head_json":{"title":"Corti\u00e7a para isolamento t\u00e9rmico, a alma do desempenho","description":"Corti\u00e7a para isolamento t\u00e9rmico, efici\u00eancia e conforto, um elemento fundamental da identidade da Diasen, \u00e9 a mat\u00e9ria-prima valiosa que...","robots":{"index":"index","follow":"follow","max-snippet":"max-snippet:-1","max-image-preview":"max-image-preview:large","max-video-preview":"max-video-preview:-1"},"canonical":"https:\/\/www.diasen.com\/pt-pt\/cortica-para-isolamento-termico\/","og_locale":"pt_PT","og_type":"article","og_title":"Corti\u00e7a para isolamento t\u00e9rmico, a alma do desempenho","og_description":"Corti\u00e7a para isolamento t\u00e9rmico, efici\u00eancia e conforto, um elemento fundamental da identidade da Diasen, \u00e9 a mat\u00e9ria-prima valiosa que...","og_url":"https:\/\/www.diasen.com\/pt-pt\/cortica-para-isolamento-termico\/","og_site_name":"Diasen","article_published_time":"2023-07-17T09:17:00+00:00","article_modified_time":"2023-07-28T12:32:50+00:00","og_image":[{"width":1400,"height":934,"url":"https:\/\/www.diasen.com\/wp-content\/uploads\/2023\/07\/sughero-per-isolamento-termico.jpg","type":"image\/jpeg"}],"author":"Diasen","twitter_card":"summary_large_image","twitter_misc":{"Escrito por":"Diasen","Tempo estimado de leitura":"6 minutos"},"schema":{"@context":"https:\/\/schema.org","@graph":[{"@type":"Article","@id":"https:\/\/www.diasen.com\/pt-pt\/cortica-para-isolamento-termico\/#article","isPartOf":{"@id":"https:\/\/www.diasen.com\/pt-pt\/cortica-para-isolamento-termico\/"},"author":{"name":"Diasen","@id":"https:\/\/diasen.com\/#\/schema\/person\/4ae59810b85e38a59f10ea65b42a9cab"},"headline":"Corti\u00e7a para isolamento t\u00e9rmico, a alma do desempenho","datePublished":"2023-07-17T09:17:00+00:00","dateModified":"2023-07-28T12:32:50+00:00","mainEntityOfPage":{"@id":"https:\/\/www.diasen.com\/pt-pt\/cortica-para-isolamento-termico\/"},"wordCount":1263,"commentCount":0,"publisher":{"@id":"https:\/\/diasen.com\/#organization"},"image":{"@id":"https:\/\/www.diasen.com\/pt-pt\/cortica-para-isolamento-termico\/#primaryimage"},"thumbnailUrl":"https:\/\/www.diasen.com\/wp-content\/uploads\/2023\/07\/sughero-per-isolamento-termico.jpg","articleSection":["Corti\u00e7a","Sughero"],"inLanguage":"pt-PT"},{"@type":"WebPage","@id":"https:\/\/www.diasen.com\/pt-pt\/cortica-para-isolamento-termico\/","url":"https:\/\/www.diasen.com\/pt-pt\/cortica-para-isolamento-termico\/","name":"Corti\u00e7a para isolamento t\u00e9rmico, a alma do desempenho","isPartOf":{"@id":"https:\/\/diasen.com\/#website"},"primaryImageOfPage":{"@id":"https:\/\/www.diasen.com\/pt-pt\/cortica-para-isolamento-termico\/#primaryimage"},"image":{"@id":"https:\/\/www.diasen.com\/pt-pt\/cortica-para-isolamento-termico\/#primaryimage"},"thumbnailUrl":"https:\/\/www.diasen.com\/wp-content\/uploads\/2023\/07\/sughero-per-isolamento-termico.jpg","datePublished":"2023-07-17T09:17:00+00:00","dateModified":"2023-07-28T12:32:50+00:00","description":"Corti\u00e7a para isolamento t\u00e9rmico, efici\u00eancia e conforto, um elemento fundamental da identidade da Diasen, \u00e9 a mat\u00e9ria-prima valiosa que...","breadcrumb":{"@id":"https:\/\/www.diasen.com\/pt-pt\/cortica-para-isolamento-termico\/#breadcrumb"},"inLanguage":"pt-PT","potentialAction":[{"@type":"ReadAction","target":["https:\/\/www.diasen.com\/pt-pt\/cortica-para-isolamento-termico\/"]}]},{"@type":"ImageObject","inLanguage":"pt-PT","@id":"https:\/\/www.diasen.com\/pt-pt\/cortica-para-isolamento-termico\/#primaryimage","url":"https:\/\/www.diasen.com\/wp-content\/uploads\/2023\/07\/sughero-per-isolamento-termico.jpg","contentUrl":"https:\/\/www.diasen.com\/wp-content\/uploads\/2023\/07\/sughero-per-isolamento-termico.jpg","width":1400,"height":934,"caption":"Close-up view on the stem with cutted bark of the oak tree in Portugal"},{"@type":"BreadcrumbList","@id":"https:\/\/www.diasen.com\/pt-pt\/cortica-para-isolamento-termico\/#breadcrumb","itemListElement":[{"@type":"ListItem","position":1,"name":"Home","item":"https:\/\/www.diasen.com\/"},{"@type":"ListItem","position":2,"name":"Corti\u00e7a para isolamento t\u00e9rmico, a alma do desempenho"}]},{"@type":"WebSite","@id":"https:\/\/diasen.com\/#website","url":"https:\/\/diasen.com\/","name":"Diasen","description":"","publisher":{"@id":"https:\/\/diasen.com\/#organization"},"potentialAction":[{"@type":"SearchAction","target":{"@type":"EntryPoint","urlTemplate":"https:\/\/diasen.com\/?s={search_term_string}"},"query-input":{"@type":"PropertyValueSpecification","valueRequired":true,"valueName":"search_term_string"}}],"inLanguage":"pt-PT"},{"@type":"Organization","@id":"https:\/\/diasen.com\/#organization","name":"Diasen","url":"https:\/\/diasen.com\/","logo":{"@type":"ImageObject","inLanguage":"pt-PT","@id":"https:\/\/diasen.com\/#\/schema\/logo\/image\/","url":"https:\/\/www.diasen.com\/wp-content\/uploads\/2026\/04\/logo_diasen.png","contentUrl":"https:\/\/www.diasen.com\/wp-content\/uploads\/2026\/04\/logo_diasen.png","width":300,"height":160,"caption":"Diasen"},"image":{"@id":"https:\/\/diasen.com\/#\/schema\/logo\/image\/"}},{"@type":"Person","@id":"https:\/\/diasen.com\/#\/schema\/person\/4ae59810b85e38a59f10ea65b42a9cab","name":"Diasen","image":{"@type":"ImageObject","inLanguage":"pt-PT","@id":"https:\/\/secure.gravatar.com\/avatar\/c712cde7b26e86dd5d498092f4924eebcd48ad89b60dde10fe91a16d78653e4e?s=96&d=mm&r=g","url":"https:\/\/secure.gravatar.com\/avatar\/c712cde7b26e86dd5d498092f4924eebcd48ad89b60dde10fe91a16d78653e4e?s=96&d=mm&r=g","contentUrl":"https:\/\/secure.gravatar.com\/avatar\/c712cde7b26e86dd5d498092f4924eebcd48ad89b60dde10fe91a16d78653e4e?s=96&d=mm&r=g","caption":"Diasen"},"url":"https:\/\/www.diasen.com\/pt-pt\/author\/diasen\/"}]}},"_links":{"self":[{"href":"https:\/\/www.diasen.com\/pt-pt\/wp-json\/wp\/v2\/posts\/68186","targetHints":{"allow":["GET"]}}],"collection":[{"href":"https:\/\/www.diasen.com\/pt-pt\/wp-json\/wp\/v2\/posts"}],"about":[{"href":"https:\/\/www.diasen.com\/pt-pt\/wp-json\/wp\/v2\/types\/post"}],"author":[{"embeddable":true,"href":"https:\/\/www.diasen.com\/pt-pt\/wp-json\/wp\/v2\/users\/15"}],"replies":[{"embeddable":true,"href":"https:\/\/www.diasen.com\/pt-pt\/wp-json\/wp\/v2\/comments?post=68186"}],"version-history":[{"count":0,"href":"https:\/\/www.diasen.com\/pt-pt\/wp-json\/wp\/v2\/posts\/68186\/revisions"}],"wp:featuredmedia":[{"embeddable":true,"href":"https:\/\/www.diasen.com\/pt-pt\/wp-json\/wp\/v2\/media\/52799"}],"wp:attachment":[{"href":"https:\/\/www.diasen.com\/pt-pt\/wp-json\/wp\/v2\/media?parent=68186"}],"wp:term":[{"taxonomy":"category","embeddable":true,"href":"https:\/\/www.diasen.com\/pt-pt\/wp-json\/wp\/v2\/categories?post=68186"},{"taxonomy":"post_tag","embeddable":true,"href":"https:\/\/www.diasen.com\/pt-pt\/wp-json\/wp\/v2\/tags?post=68186"}],"curies":[{"name":"wp","href":"https:\/\/api.w.org\/{rel}","templated":true}]}}