{"id":50825,"date":"2023-04-12T14:26:51","date_gmt":"2023-04-12T12:26:51","guid":{"rendered":"https:\/\/www.diasen.com\/isolamento-acustico-il-comfort-del-sughero\/"},"modified":"2024-05-17T10:38:36","modified_gmt":"2024-05-17T08:38:36","slug":"isolamento-acustico-conforto-da-cortica","status":"publish","type":"post","link":"https:\/\/www.diasen.com\/pt-pt\/isolamento-acustico-conforto-da-cortica\/","title":{"rendered":"Isolamento ac\u00fastico: o conforto da corti\u00e7a"},"content":{"rendered":"<p>Quando se trata de conforto de vida, um dos aspectos mais importantes \u00e9 a capacidade de<a href=\"https:\/\/www.diasen.com\/pt-pt\/isolamento-acustico-de-um-ambiente\/\"> <strong>isolar os ambientes do ru\u00eddo externo<\/strong><\/a>. O isolamento ac\u00fastico \u00e9 essencial para desfrutar de uma casa tranquila e silenciosa, e tamb\u00e9m para preservar a sa\u00fade e o bem-estar das pessoas que nela vivem.<\/p>\n<p>Neste artigo, discutiremos o <strong>uso da <u>corti\u00e7a<\/u> como material isolante e suas vantagens em termos de conforto ac\u00fastico<\/strong>. Na Diasen, estamos familiarizados com a corti\u00e7a, suas vantagens e como aplic\u00e1-la para alcan\u00e7ar os melhores resultados poss\u00edveis.<\/p>\n<p>Empregamos a corti\u00e7a como <strong>isolante t\u00e9rmico e ac\u00fastico<\/strong>, usando-a na forma de pain\u00e9is, em tintas isolantes ou rebocos de longa dura\u00e7\u00e3o. Para saber mais, visite nosso site oficial ou entre em contato conosco.<\/p>\n<h2>Conforto ac\u00fastico e bem-estar psicof\u00edsico<\/h2>\n<p>Muitas vezes subestimado, <strong>o <u>ru\u00eddo<\/u> ambiental pode afetar negativamente nossa sa\u00fade<\/strong>, aumentando os n\u00edveis de estresse e ansiedade, prejudicando o sono e a qualidade de vida em geral. Pense naqueles momentos em que voc\u00ea est\u00e1 em um ambiente ruidoso, com um barulho constante rodeando voc\u00ea de todos os lados. Talvez voc\u00ea esteja em um escrit\u00f3rio, cercado pelo barulho de computadores e telefones tocando incessantemente.<\/p>\n<p>Em todos estes casos, o ru\u00eddo pode afetar negativamente sua capacidade de concentra\u00e7\u00e3o e pensamento, causando um aumento no ritmo card\u00edaco e na press\u00e3o sangu\u00ednea. Estes efeitos fisiol\u00f3gicos podem ent\u00e3o levar a uma sensa\u00e7\u00e3o geral de cansa\u00e7o e exaust\u00e3o.<\/p>\n<p>Mas isso n\u00e3o \u00e9 tudo. O ru\u00eddo tamb\u00e9m pode ter efeitos negativos em nosso sistema nervoso e interferir no sono, causando problemas como ins\u00f4nia e sono n\u00e3o reparador.&nbsp;<\/p>\n<p>Mas <strong>como podemos neutralizar estes efeitos negativos do ru\u00eddo?<\/strong> A solu\u00e7\u00e3o est\u00e1 em criar ambientes acusticamente confort\u00e1veis, onde o ru\u00eddo seja minimizado ou pelo menos controlado e gerenciado para que n\u00e3o afete negativamente nossa sa\u00fade e qualidade de vida.<\/p>\n<p>Um ambiente acusticamente confort\u00e1vel pode ser criado atrav\u00e9s do uso de materiais que absorvem o som, que amortecem o som e reduzem sua propaga\u00e7\u00e3o. O uso destas solu\u00e7\u00f5es, tais como pain\u00e9is absorventes de som, tende a reduzir o ru\u00eddo de fundo, melhorando assim a qualidade ac\u00fastica do ambiente.<\/p>\n<h2>Por que a corti\u00e7a \u00e9 um excelente isolante ac\u00fastico?<\/h2>\n<p>Por que n\u00f3s da Diasen usamos tanto a <strong><a href=\"https:\/\/www.diasen.com\/pt-pt\/isolamento-cortica\/\">corti\u00e7a<\/a><\/strong> em nossos produtos para <strong><u>isolamento ac\u00fastico e t\u00e9rmico<\/u><\/strong>?<\/p>\n<p>Em primeiro lugar, a corti\u00e7a \u00e9 um material poroso que tem a capacidade de absorver o som. De fato, os poros da corti\u00e7a s\u00e3o capazes de <strong>capturar ondas sonoras<\/strong> e dispers\u00e1-las, impedindo sua propaga\u00e7\u00e3o para o ambiente ao redor.<\/p>\n<p>Praticamente o mesmo mecanismo \u00e9 respons\u00e1vel pelo <strong><a href=\"https:\/\/www.diasen.com\/pt-pt\/isolamento-termico-construcao\/\">isolamento t\u00e9rmico<\/a><\/strong>: as c\u00e9lulas de corti\u00e7a ret\u00eam o ar, impedindo que ele passe de uma parede para o exterior.<\/p>\n<p>Al\u00e9m disso, <strong>a corti\u00e7a \u00e9 um material el\u00e1stico e flex\u00edvel<\/strong> que pode se adaptar a diferentes superf\u00edcies e formas. Esta caracter\u00edstica permite que a corti\u00e7a forme uma barreira sonora eficaz, inclusive em espa\u00e7os irregulares ou complexos, como cantos, cavidades e tetos abobadados.<\/p>\n<p>Outra propriedade da corti\u00e7a que a torna um excelente isolante ac\u00fastico \u00e9 sua <strong>densidade<\/strong>. De fato, a corti\u00e7a tem uma densidade muito baixa, o que a torna leve e f\u00e1cil de trabalhar, mas ao mesmo tempo \u00e9 densa o suficiente para oferecer uma boa capacidade de absor\u00e7\u00e3o sonora.<\/p>\n<h2>Aplica\u00e7\u00f5es da corti\u00e7a para isolamento ac\u00fastico<\/h2>\n<p>Navegando atrav\u00e9s da se\u00e7\u00e3o de <u>produtos da Diasen<\/u>, voc\u00ea perceber\u00e1 imediatamente as <strong>diversas aplica\u00e7\u00f5es que projetamos para a corti\u00e7a como isolamento ac\u00fastico e t\u00e9rmico<\/strong>. Isto porque este material \u00e9 realmente vers\u00e1til, oferece o m\u00e1ximo de resultados e uma clara melhoria na habitabilidade de um ambiente.<\/p>\n<p>A corti\u00e7a pode ser usada para isolar acusticamente as paredes de edif\u00edcios na forma de <strong>pain\u00e9is ou tijolos<\/strong>, que s\u00e3o instalados entre as paredes para reduzir o ru\u00eddo de fundo e o ru\u00eddo externo. Voc\u00ea n\u00e3o ouvir\u00e1 mais aquele eco irritante dentro de uma sala e n\u00e3o perceber\u00e1 os sons da rua de uma forma acentuada.<\/p>\n<p>H\u00e1 tamb\u00e9m solu\u00e7\u00f5es menos invasivas para resid\u00eancias e escrit\u00f3rios. A <strong>tinta para isolamento ac\u00fastico<\/strong> com corti\u00e7a, por exemplo, \u00e9 uma solu\u00e7\u00e3o inovadora que utiliza as propriedades de absor\u00e7\u00e3o ac\u00fastica da corti\u00e7a para reduzir o ru\u00eddo de fundo e melhorar a qualidade do ambiente sonoro.<\/p>\n<p>Esta tinta \u00e9 feita misturando granulado de corti\u00e7a com uma base acr\u00edlica ou alqu\u00eddica, criando uma mistura que pode ser aplicada com um pincel, rolo ou pistola de pulveriza\u00e7\u00e3o. Uma vez seca, a tinta forma uma camada el\u00e1stica e absorvente de som na superf\u00edcie, que reduz a transmiss\u00e3o atrav\u00e9s das paredes e outras superf\u00edcies.<\/p>\n<p>Ela pode ser aplicada em paredes, tetos, pisos e portas, reduzindo o ru\u00eddo de fundo e melhorando o conforto ac\u00fastico interno.<\/p>\n<h2>Vantagens da corti\u00e7a em compara\u00e7\u00e3o com outros isolantes ac\u00fasticos<\/h2>\n<p>H\u00e1 muitas solu\u00e7\u00f5es para o isolamento ac\u00fastico de sua casa ou escrit\u00f3rio. No entanto, muitas empresas do setor de constru\u00e7\u00e3o, como a Diasen, preferem utilizar materiais naturais como a corti\u00e7a.<\/p>\n<p>Em primeiro lugar, a corti\u00e7a tem uma estrutura porosa que faz com que ela absorva as ondas sonoras e reduza o eco e a reverbera\u00e7\u00e3o. \u00c9 um excelente isolante t\u00e9rmico, pelo mesmo motivo, e melhora o microclima dos ambientes, reduzindo o consumo de g\u00e1s e eletricidade e gerando economia nas contas.<\/p>\n<p>Este extraordin\u00e1rio material \u00e9 <strong>resistente \u00e0 \u00e1gua e \u00e0 umidade<\/strong>, tornando-o uma excelente escolha para \u00e1reas \u00famidas ou \u00e1reas com risco de infiltra\u00e7\u00e3o. Tamb\u00e9m \u00e9 resistente ao fogo, segura e n\u00e3o-inflam\u00e1vel.<\/p>\n<h2>A sustentabilidade da corti\u00e7a<\/h2>\n<p>Hoje, o setor da constru\u00e7\u00e3o civil tamb\u00e9m decidiu evoluir e adotar novos m\u00e9todos de trabalho mais focados no conforto das pessoas e tamb\u00e9m no impacto ambiental. Por isso, \u00e9 essencial identificar novos materiais com os quais realizar as obras de constru\u00e7\u00e3o.<\/p>\n<p><strong>A corti\u00e7a \u00e9 um material ecol\u00f3gico, totalmente recicl\u00e1vel e biodegrad\u00e1vel<\/strong>. Sua produ\u00e7\u00e3o n\u00e3o requer o uso de produtos qu\u00edmicos nocivos e n\u00e3o gera res\u00edduos t\u00f3xicos. Seu ciclo de vida \u00e9 sustent\u00e1vel em todas as etapas, desde a coleta do material at\u00e9 sua elimina\u00e7\u00e3o ou reciclagem.<\/p>\n<p>\u00c9 feita a partir da <a href=\"https:\/\/www.diasen.com\/pt-pt\/sobreiro\/\"><strong><u>casca do sobreiro<\/u><\/strong><\/a> (Quercus suber), uma planta sempre verde que cresce em \u00e1reas mediterr\u00e2neas como Espanha, Portugal, It\u00e1lia e Norte da \u00c1frica. A Diasen colabora com os produtores locais de corti\u00e7a, criando uma excelente sinergia com as empresas de nossa regi\u00e3o.<\/p>\n<p>A casca da corti\u00e7a \u00e9 extra\u00edda do sobreiro sem danificar a \u00e1rvore, em um processo conhecido como &#8220;branqueamento&#8221;. O primeiro branqueamento ocorre quando a \u00e1rvore tem aproximadamente 25 anos de idade e os branqueamentos subsequentes a cada 9 a 12 anos.<\/p>\n<p>A casca \u00e9 ent\u00e3o deixada ao ar livre para secar por algumas semanas, durante as quais se torna mais f\u00e1cil de trabalhar. Em seguida \u00e9 cortada em pain\u00e9is ou gr\u00e2nulos e tratada para tornar-se resistente \u00e0 \u00e1gua e ao fogo.<\/p>\n<p>Como voc\u00ea pode ver, a produ\u00e7\u00e3o e o tratamento da corti\u00e7a s\u00e3o processos ecol\u00f3gicos, resultando em produtos altamente funcionais que s\u00e3o perfeitos para proporcionar conforto \u00e0s pessoas e que tamb\u00e9m s\u00e3o ecologicamente corretos. Outros materiais, tais como a espuma de poliuretano, a fibra de vidro, o poliestireno expandido ou a l\u00e3 de vidro, s\u00e3o derivados do petr\u00f3leo ou dif\u00edceis de serem descartados. Portanto, s\u00e3o mais prejudiciais ao meio ambiente e muitas vezes tamb\u00e9m s\u00e3o menos dur\u00e1veis do que a corti\u00e7a.<\/p>\n<p>Portanto, abrace a transi\u00e7\u00e3o ecol\u00f3gica e o novo conforto ac\u00fastico em sua casa ou local de trabalho. <strong><a href=\"https:\/\/www.diasen.com\/pt-pt\/sede-principal\/\"><u>Contate a Diasen<\/u><\/a> e descubra as nossas solu\u00e7\u00f5es para que voc\u00ea possa experimentar o melhor de todos os seus ambientes<\/strong>, \u00e0 base de corti\u00e7a e outros materiais 100% sustent\u00e1veis que s\u00e3o ideais para o isolamento ac\u00fastico.<\/p>\n","protected":false},"excerpt":{"rendered":"<p>Quando se trata de conforto de vida, um dos aspectos mais importantes \u00e9 a capacidade de isolar os ambientes do ru\u00eddo externo. O isolamento ac\u00fastico \u00e9 essencial para desfrutar de&#8230;<\/p>\n","protected":false},"author":15,"featured_media":50510,"comment_status":"closed","ping_status":"open","sticky":false,"template":"","format":"standard","meta":{"_acf_changed":false,"content-type":"","inline_featured_image":false,"_price":"","_stock":"","_tribe_ticket_header":"","_tribe_default_ticket_provider":"","_tribe_ticket_capacity":"","_ticket_start_date":"","_ticket_end_date":"","_tribe_ticket_show_description":"","_tribe_ticket_show_not_going":false,"_tribe_ticket_use_global_stock":"","_tribe_ticket_global_stock_level":"","_global_stock_mode":"","_global_stock_cap":"","_tribe_rsvp_for_event":"","_tribe_ticket_going_count":"","_tribe_ticket_not_going_count":"","_tribe_tickets_list":"[]","_tribe_ticket_has_attendee_info_fields":false,"footnotes":""},"categories":[785,1061],"tags":[],"class_list":["post-50825","post","type-post","status-publish","format-standard","has-post-thumbnail","category-isolamento-acustico-pt-pt","category-isolamento-acustico-pt-pt-2"],"acf":[],"yoast_head":"<!-- This site is optimized with the Yoast SEO plugin v27.4 - https:\/\/yoast.com\/product\/yoast-seo-wordpress\/ -->\n<title>Isolamento ac\u00fastico: o conforto da corti\u00e7a<\/title>\n<meta name=\"description\" content=\"O isolamento ac\u00fastico \u00e9 essencial para desfrutar de uma casa silenciosa, e tamb\u00e9m para preservar a sa\u00fade e o bem-estar das pessoas\" \/>\n<meta name=\"robots\" content=\"index, follow, max-snippet:-1, max-image-preview:large, max-video-preview:-1\" \/>\n<link rel=\"canonical\" href=\"https:\/\/www.diasen.com\/pt-pt\/isolamento-acustico-conforto-da-cortica\/\" \/>\n<meta property=\"og:locale\" content=\"pt_PT\" \/>\n<meta property=\"og:type\" content=\"article\" \/>\n<meta property=\"og:title\" content=\"Isolamento ac\u00fastico: o conforto da corti\u00e7a\" \/>\n<meta property=\"og:description\" content=\"O isolamento ac\u00fastico \u00e9 essencial para desfrutar de uma casa silenciosa, e tamb\u00e9m para preservar a sa\u00fade e o bem-estar das pessoas\" \/>\n<meta property=\"og:url\" content=\"https:\/\/www.diasen.com\/pt-pt\/isolamento-acustico-conforto-da-cortica\/\" \/>\n<meta property=\"og:site_name\" content=\"Diasen\" \/>\n<meta property=\"article:published_time\" content=\"2023-04-12T12:26:51+00:00\" \/>\n<meta property=\"article:modified_time\" content=\"2024-05-17T08:38:36+00:00\" \/>\n<meta property=\"og:image\" content=\"https:\/\/www.diasen.com\/wp-content\/uploads\/2023\/04\/isolamento-acustico.jpg\" \/>\n\t<meta property=\"og:image:width\" content=\"1400\" \/>\n\t<meta property=\"og:image:height\" content=\"965\" \/>\n\t<meta property=\"og:image:type\" content=\"image\/jpeg\" \/>\n<meta name=\"author\" content=\"Diasen\" \/>\n<meta name=\"twitter:card\" content=\"summary_large_image\" \/>\n<meta name=\"twitter:label1\" content=\"Escrito por\" \/>\n\t<meta name=\"twitter:data1\" content=\"Diasen\" \/>\n\t<meta name=\"twitter:label2\" content=\"Tempo estimado de leitura\" \/>\n\t<meta name=\"twitter:data2\" content=\"7 minutos\" \/>\n<script type=\"application\/ld+json\" class=\"yoast-schema-graph\">{\"@context\":\"https:\\\/\\\/schema.org\",\"@graph\":[{\"@type\":\"Article\",\"@id\":\"https:\\\/\\\/www.diasen.com\\\/pt-pt\\\/isolamento-acustico-conforto-da-cortica\\\/#article\",\"isPartOf\":{\"@id\":\"https:\\\/\\\/www.diasen.com\\\/pt-pt\\\/isolamento-acustico-conforto-da-cortica\\\/\"},\"author\":{\"name\":\"Diasen\",\"@id\":\"https:\\\/\\\/diasen.com\\\/#\\\/schema\\\/person\\\/4ae59810b85e38a59f10ea65b42a9cab\"},\"headline\":\"Isolamento ac\u00fastico: o conforto da corti\u00e7a\",\"datePublished\":\"2023-04-12T12:26:51+00:00\",\"dateModified\":\"2024-05-17T08:38:36+00:00\",\"mainEntityOfPage\":{\"@id\":\"https:\\\/\\\/www.diasen.com\\\/pt-pt\\\/isolamento-acustico-conforto-da-cortica\\\/\"},\"wordCount\":1385,\"publisher\":{\"@id\":\"https:\\\/\\\/diasen.com\\\/#organization\"},\"image\":{\"@id\":\"https:\\\/\\\/www.diasen.com\\\/pt-pt\\\/isolamento-acustico-conforto-da-cortica\\\/#primaryimage\"},\"thumbnailUrl\":\"https:\\\/\\\/www.diasen.com\\\/wp-content\\\/uploads\\\/2023\\\/04\\\/isolamento-acustico.jpg\",\"articleSection\":[\"Isolamento ac\u00fastico\",\"Isolamento acustico\"],\"inLanguage\":\"pt-PT\"},{\"@type\":\"WebPage\",\"@id\":\"https:\\\/\\\/www.diasen.com\\\/pt-pt\\\/isolamento-acustico-conforto-da-cortica\\\/\",\"url\":\"https:\\\/\\\/www.diasen.com\\\/pt-pt\\\/isolamento-acustico-conforto-da-cortica\\\/\",\"name\":\"Isolamento ac\u00fastico: o conforto da corti\u00e7a\",\"isPartOf\":{\"@id\":\"https:\\\/\\\/diasen.com\\\/#website\"},\"primaryImageOfPage\":{\"@id\":\"https:\\\/\\\/www.diasen.com\\\/pt-pt\\\/isolamento-acustico-conforto-da-cortica\\\/#primaryimage\"},\"image\":{\"@id\":\"https:\\\/\\\/www.diasen.com\\\/pt-pt\\\/isolamento-acustico-conforto-da-cortica\\\/#primaryimage\"},\"thumbnailUrl\":\"https:\\\/\\\/www.diasen.com\\\/wp-content\\\/uploads\\\/2023\\\/04\\\/isolamento-acustico.jpg\",\"datePublished\":\"2023-04-12T12:26:51+00:00\",\"dateModified\":\"2024-05-17T08:38:36+00:00\",\"description\":\"O isolamento ac\u00fastico \u00e9 essencial para desfrutar de uma casa silenciosa, e tamb\u00e9m para preservar a sa\u00fade e o bem-estar das pessoas\",\"breadcrumb\":{\"@id\":\"https:\\\/\\\/www.diasen.com\\\/pt-pt\\\/isolamento-acustico-conforto-da-cortica\\\/#breadcrumb\"},\"inLanguage\":\"pt-PT\",\"potentialAction\":[{\"@type\":\"ReadAction\",\"target\":[\"https:\\\/\\\/www.diasen.com\\\/pt-pt\\\/isolamento-acustico-conforto-da-cortica\\\/\"]}]},{\"@type\":\"ImageObject\",\"inLanguage\":\"pt-PT\",\"@id\":\"https:\\\/\\\/www.diasen.com\\\/pt-pt\\\/isolamento-acustico-conforto-da-cortica\\\/#primaryimage\",\"url\":\"https:\\\/\\\/www.diasen.com\\\/wp-content\\\/uploads\\\/2023\\\/04\\\/isolamento-acustico.jpg\",\"contentUrl\":\"https:\\\/\\\/www.diasen.com\\\/wp-content\\\/uploads\\\/2023\\\/04\\\/isolamento-acustico.jpg\",\"width\":1400,\"height\":965,\"caption\":\"isolamento acustico\"},{\"@type\":\"BreadcrumbList\",\"@id\":\"https:\\\/\\\/www.diasen.com\\\/pt-pt\\\/isolamento-acustico-conforto-da-cortica\\\/#breadcrumb\",\"itemListElement\":[{\"@type\":\"ListItem\",\"position\":1,\"name\":\"Home\",\"item\":\"https:\\\/\\\/www.diasen.com\\\/\"},{\"@type\":\"ListItem\",\"position\":2,\"name\":\"Isolamento ac\u00fastico: o conforto da corti\u00e7a\"}]},{\"@type\":\"WebSite\",\"@id\":\"https:\\\/\\\/diasen.com\\\/#website\",\"url\":\"https:\\\/\\\/diasen.com\\\/\",\"name\":\"Diasen\",\"description\":\"\",\"publisher\":{\"@id\":\"https:\\\/\\\/diasen.com\\\/#organization\"},\"potentialAction\":[{\"@type\":\"SearchAction\",\"target\":{\"@type\":\"EntryPoint\",\"urlTemplate\":\"https:\\\/\\\/diasen.com\\\/?s={search_term_string}\"},\"query-input\":{\"@type\":\"PropertyValueSpecification\",\"valueRequired\":true,\"valueName\":\"search_term_string\"}}],\"inLanguage\":\"pt-PT\"},{\"@type\":\"Organization\",\"@id\":\"https:\\\/\\\/diasen.com\\\/#organization\",\"name\":\"Diasen\",\"url\":\"https:\\\/\\\/diasen.com\\\/\",\"logo\":{\"@type\":\"ImageObject\",\"inLanguage\":\"pt-PT\",\"@id\":\"https:\\\/\\\/diasen.com\\\/#\\\/schema\\\/logo\\\/image\\\/\",\"url\":\"https:\\\/\\\/www.diasen.com\\\/wp-content\\\/uploads\\\/2026\\\/04\\\/logo_diasen.png\",\"contentUrl\":\"https:\\\/\\\/www.diasen.com\\\/wp-content\\\/uploads\\\/2026\\\/04\\\/logo_diasen.png\",\"width\":300,\"height\":160,\"caption\":\"Diasen\"},\"image\":{\"@id\":\"https:\\\/\\\/diasen.com\\\/#\\\/schema\\\/logo\\\/image\\\/\"}},{\"@type\":\"Person\",\"@id\":\"https:\\\/\\\/diasen.com\\\/#\\\/schema\\\/person\\\/4ae59810b85e38a59f10ea65b42a9cab\",\"name\":\"Diasen\",\"image\":{\"@type\":\"ImageObject\",\"inLanguage\":\"pt-PT\",\"@id\":\"https:\\\/\\\/secure.gravatar.com\\\/avatar\\\/c712cde7b26e86dd5d498092f4924eebcd48ad89b60dde10fe91a16d78653e4e?s=96&d=mm&r=g\",\"url\":\"https:\\\/\\\/secure.gravatar.com\\\/avatar\\\/c712cde7b26e86dd5d498092f4924eebcd48ad89b60dde10fe91a16d78653e4e?s=96&d=mm&r=g\",\"contentUrl\":\"https:\\\/\\\/secure.gravatar.com\\\/avatar\\\/c712cde7b26e86dd5d498092f4924eebcd48ad89b60dde10fe91a16d78653e4e?s=96&d=mm&r=g\",\"caption\":\"Diasen\"},\"url\":\"https:\\\/\\\/www.diasen.com\\\/pt-pt\\\/author\\\/diasen\\\/\"}]}<\/script>\n<!-- \/ Yoast SEO plugin. -->","yoast_head_json":{"title":"Isolamento ac\u00fastico: o conforto da corti\u00e7a","description":"O isolamento ac\u00fastico \u00e9 essencial para desfrutar de uma casa silenciosa, e tamb\u00e9m para preservar a sa\u00fade e o bem-estar das pessoas","robots":{"index":"index","follow":"follow","max-snippet":"max-snippet:-1","max-image-preview":"max-image-preview:large","max-video-preview":"max-video-preview:-1"},"canonical":"https:\/\/www.diasen.com\/pt-pt\/isolamento-acustico-conforto-da-cortica\/","og_locale":"pt_PT","og_type":"article","og_title":"Isolamento ac\u00fastico: o conforto da corti\u00e7a","og_description":"O isolamento ac\u00fastico \u00e9 essencial para desfrutar de uma casa silenciosa, e tamb\u00e9m para preservar a sa\u00fade e o bem-estar das pessoas","og_url":"https:\/\/www.diasen.com\/pt-pt\/isolamento-acustico-conforto-da-cortica\/","og_site_name":"Diasen","article_published_time":"2023-04-12T12:26:51+00:00","article_modified_time":"2024-05-17T08:38:36+00:00","og_image":[{"width":1400,"height":965,"url":"https:\/\/www.diasen.com\/wp-content\/uploads\/2023\/04\/isolamento-acustico.jpg","type":"image\/jpeg"}],"author":"Diasen","twitter_card":"summary_large_image","twitter_misc":{"Escrito por":"Diasen","Tempo estimado de leitura":"7 minutos"},"schema":{"@context":"https:\/\/schema.org","@graph":[{"@type":"Article","@id":"https:\/\/www.diasen.com\/pt-pt\/isolamento-acustico-conforto-da-cortica\/#article","isPartOf":{"@id":"https:\/\/www.diasen.com\/pt-pt\/isolamento-acustico-conforto-da-cortica\/"},"author":{"name":"Diasen","@id":"https:\/\/diasen.com\/#\/schema\/person\/4ae59810b85e38a59f10ea65b42a9cab"},"headline":"Isolamento ac\u00fastico: o conforto da corti\u00e7a","datePublished":"2023-04-12T12:26:51+00:00","dateModified":"2024-05-17T08:38:36+00:00","mainEntityOfPage":{"@id":"https:\/\/www.diasen.com\/pt-pt\/isolamento-acustico-conforto-da-cortica\/"},"wordCount":1385,"publisher":{"@id":"https:\/\/diasen.com\/#organization"},"image":{"@id":"https:\/\/www.diasen.com\/pt-pt\/isolamento-acustico-conforto-da-cortica\/#primaryimage"},"thumbnailUrl":"https:\/\/www.diasen.com\/wp-content\/uploads\/2023\/04\/isolamento-acustico.jpg","articleSection":["Isolamento ac\u00fastico","Isolamento acustico"],"inLanguage":"pt-PT"},{"@type":"WebPage","@id":"https:\/\/www.diasen.com\/pt-pt\/isolamento-acustico-conforto-da-cortica\/","url":"https:\/\/www.diasen.com\/pt-pt\/isolamento-acustico-conforto-da-cortica\/","name":"Isolamento ac\u00fastico: o conforto da corti\u00e7a","isPartOf":{"@id":"https:\/\/diasen.com\/#website"},"primaryImageOfPage":{"@id":"https:\/\/www.diasen.com\/pt-pt\/isolamento-acustico-conforto-da-cortica\/#primaryimage"},"image":{"@id":"https:\/\/www.diasen.com\/pt-pt\/isolamento-acustico-conforto-da-cortica\/#primaryimage"},"thumbnailUrl":"https:\/\/www.diasen.com\/wp-content\/uploads\/2023\/04\/isolamento-acustico.jpg","datePublished":"2023-04-12T12:26:51+00:00","dateModified":"2024-05-17T08:38:36+00:00","description":"O isolamento ac\u00fastico \u00e9 essencial para desfrutar de uma casa silenciosa, e tamb\u00e9m para preservar a sa\u00fade e o bem-estar das pessoas","breadcrumb":{"@id":"https:\/\/www.diasen.com\/pt-pt\/isolamento-acustico-conforto-da-cortica\/#breadcrumb"},"inLanguage":"pt-PT","potentialAction":[{"@type":"ReadAction","target":["https:\/\/www.diasen.com\/pt-pt\/isolamento-acustico-conforto-da-cortica\/"]}]},{"@type":"ImageObject","inLanguage":"pt-PT","@id":"https:\/\/www.diasen.com\/pt-pt\/isolamento-acustico-conforto-da-cortica\/#primaryimage","url":"https:\/\/www.diasen.com\/wp-content\/uploads\/2023\/04\/isolamento-acustico.jpg","contentUrl":"https:\/\/www.diasen.com\/wp-content\/uploads\/2023\/04\/isolamento-acustico.jpg","width":1400,"height":965,"caption":"isolamento acustico"},{"@type":"BreadcrumbList","@id":"https:\/\/www.diasen.com\/pt-pt\/isolamento-acustico-conforto-da-cortica\/#breadcrumb","itemListElement":[{"@type":"ListItem","position":1,"name":"Home","item":"https:\/\/www.diasen.com\/"},{"@type":"ListItem","position":2,"name":"Isolamento ac\u00fastico: o conforto da corti\u00e7a"}]},{"@type":"WebSite","@id":"https:\/\/diasen.com\/#website","url":"https:\/\/diasen.com\/","name":"Diasen","description":"","publisher":{"@id":"https:\/\/diasen.com\/#organization"},"potentialAction":[{"@type":"SearchAction","target":{"@type":"EntryPoint","urlTemplate":"https:\/\/diasen.com\/?s={search_term_string}"},"query-input":{"@type":"PropertyValueSpecification","valueRequired":true,"valueName":"search_term_string"}}],"inLanguage":"pt-PT"},{"@type":"Organization","@id":"https:\/\/diasen.com\/#organization","name":"Diasen","url":"https:\/\/diasen.com\/","logo":{"@type":"ImageObject","inLanguage":"pt-PT","@id":"https:\/\/diasen.com\/#\/schema\/logo\/image\/","url":"https:\/\/www.diasen.com\/wp-content\/uploads\/2026\/04\/logo_diasen.png","contentUrl":"https:\/\/www.diasen.com\/wp-content\/uploads\/2026\/04\/logo_diasen.png","width":300,"height":160,"caption":"Diasen"},"image":{"@id":"https:\/\/diasen.com\/#\/schema\/logo\/image\/"}},{"@type":"Person","@id":"https:\/\/diasen.com\/#\/schema\/person\/4ae59810b85e38a59f10ea65b42a9cab","name":"Diasen","image":{"@type":"ImageObject","inLanguage":"pt-PT","@id":"https:\/\/secure.gravatar.com\/avatar\/c712cde7b26e86dd5d498092f4924eebcd48ad89b60dde10fe91a16d78653e4e?s=96&d=mm&r=g","url":"https:\/\/secure.gravatar.com\/avatar\/c712cde7b26e86dd5d498092f4924eebcd48ad89b60dde10fe91a16d78653e4e?s=96&d=mm&r=g","contentUrl":"https:\/\/secure.gravatar.com\/avatar\/c712cde7b26e86dd5d498092f4924eebcd48ad89b60dde10fe91a16d78653e4e?s=96&d=mm&r=g","caption":"Diasen"},"url":"https:\/\/www.diasen.com\/pt-pt\/author\/diasen\/"}]}},"_links":{"self":[{"href":"https:\/\/www.diasen.com\/pt-pt\/wp-json\/wp\/v2\/posts\/50825","targetHints":{"allow":["GET"]}}],"collection":[{"href":"https:\/\/www.diasen.com\/pt-pt\/wp-json\/wp\/v2\/posts"}],"about":[{"href":"https:\/\/www.diasen.com\/pt-pt\/wp-json\/wp\/v2\/types\/post"}],"author":[{"embeddable":true,"href":"https:\/\/www.diasen.com\/pt-pt\/wp-json\/wp\/v2\/users\/15"}],"replies":[{"embeddable":true,"href":"https:\/\/www.diasen.com\/pt-pt\/wp-json\/wp\/v2\/comments?post=50825"}],"version-history":[{"count":0,"href":"https:\/\/www.diasen.com\/pt-pt\/wp-json\/wp\/v2\/posts\/50825\/revisions"}],"wp:featuredmedia":[{"embeddable":true,"href":"https:\/\/www.diasen.com\/pt-pt\/wp-json\/wp\/v2\/media\/50510"}],"wp:attachment":[{"href":"https:\/\/www.diasen.com\/pt-pt\/wp-json\/wp\/v2\/media?parent=50825"}],"wp:term":[{"taxonomy":"category","embeddable":true,"href":"https:\/\/www.diasen.com\/pt-pt\/wp-json\/wp\/v2\/categories?post=50825"},{"taxonomy":"post_tag","embeddable":true,"href":"https:\/\/www.diasen.com\/pt-pt\/wp-json\/wp\/v2\/tags?post=50825"}],"curies":[{"name":"wp","href":"https:\/\/api.w.org\/{rel}","templated":true}]}}