{"id":48907,"date":"2023-02-08T11:09:11","date_gmt":"2023-02-08T10:09:11","guid":{"rendered":"https:\/\/www.diasen.com\/?p=48907"},"modified":"2023-02-17T11:36:54","modified_gmt":"2023-02-17T10:36:54","slug":"isolamento-termico-construcao","status":"publish","type":"post","link":"https:\/\/www.diasen.com\/pt-pt\/isolamento-termico-construcao\/","title":{"rendered":"Isolamento t\u00e9rmico: o ponto de inflex\u00e3o cultural no setor da constru\u00e7\u00e3o civil"},"content":{"rendered":"<p>Por que falamos de um ponto de inflex\u00e3o cultural ao abordar o tema do <strong>isolamento t\u00e9rmico<\/strong>? Simplesmente porque em um setor que contribui em grande parte para as emiss\u00f5es globais, identificar solu\u00e7\u00f5es que tornam o conforto t\u00e9rmico sustent\u00e1vel significa alimentar uma mudan\u00e7a de abordagem significativa e virtuosa que tamb\u00e9m impacta a mentalidade das pessoas.<\/p>\n<p>Isolar termicamente um edif\u00edcio n\u00e3o significa apenas agir em termos de moderniza\u00e7\u00e3o f\u00edsica do edif\u00edcio, mas intervir ativamente em sua efici\u00eancia energ\u00e9tica, reduzindo assim a tend\u00eancia emissiva desse edif\u00edcio. O isolamento t\u00e9rmico obtido com materiais naturais e inovadores representa, portanto, um ponto de inflex\u00e3o cultural em um setor como o da constru\u00e7\u00e3o civil que est\u00e1 lutando para resolver quest\u00f5es relacionadas \u00e0 sustentabilidade ambiental e ao impacto energ\u00e9tico.<\/p>\n<p>&nbsp;<\/p>\n<h2><strong>Projeto e escolha de materiais: duas etapas fundamentais para um bom isolamento t\u00e9rmico<\/strong><\/h2>\n<p>O <strong>projeto do isolamento t\u00e9rmico interno<\/strong> \u00e9 o primeiro passo para dar conforto e eco-sustentabilidade ao edif\u00edcio. O objetivo \u00e9 identificar as solu\u00e7\u00f5es mais adequadas para criar um microclima adequado, sem desperdi\u00e7ar recursos.<\/p>\n<p>Esta fase consiste em v\u00e1rias etapas: o controle das contribui\u00e7\u00f5es solares no inverno e no ver\u00e3o, para otimizar o consumo de energia; a medi\u00e7\u00e3o da dispers\u00e3o e do fen\u00f4meno de in\u00e9rcia; a gest\u00e3o das temperaturas internas e de funcionamento; o controle dos n\u00edveis ideais de umidade; as propriedades de absor\u00e7\u00e3o sonora e isolamento dos materiais; a an\u00e1lise das caracter\u00edsticas geom\u00e9tricas, f\u00edsicas e estruturais do revestimento; e um projeto correto da ilumina\u00e7\u00e3o dos ambientes.<\/p>\n<p>Para alcan\u00e7ar condi\u00e7\u00f5es de conforto e habitabilidade, \u00e9 necess\u00e1rio identificar e selecionar materiais que fa\u00e7am o uso mais eficiente da fun\u00e7\u00e3o natural do ar confinado, ou seja, suas propriedades isolantes que o tornam um material com baixa condutividade t\u00e9rmica e uma tend\u00eancia limitada \u00e0 transfer\u00eancia de calor. <strong>Somente materiais com alta porosidade podem desempenhar esta fun\u00e7\u00e3o de encapsulamento e confinamento de ar.<\/strong><\/p>\n<p>Estes <u>biomateriais<\/u> formam a base das solu\u00e7\u00f5es da Diasen para enfrentar o trabalho de isolamento de forma eficaz, r\u00e1pida e com efeitos a longo prazo.<\/p>\n<p>&nbsp;<\/p>\n<h2><strong>O impacto de um bom isolamento t\u00e9rmico<\/strong><\/h2>\n<p><strong>Um bom isolamento t\u00e9rmico reduz a perda de calor durante os meses de inverno e reduz sua entrada no ver\u00e3o<\/strong>, aumentando o conforto de vida e reduzindo os custos energ\u00e9ticos. Estes s\u00e3o conceitos de f\u00edsica t\u00e9cnica que inspiraram instintivamente as escolhas humanas desde os tempos antigos, quando nossos ancestrais usavam cal, corti\u00e7a, argila e materiais vulc\u00e2nicos para proteger o lar das mudan\u00e7as clim\u00e1ticas.<\/p>\n<p>Na Diasen, realizamos <strong>solu\u00e7\u00f5es verdes<\/strong> que reproduzem com tecnologia moderna a abordagem utilizada pelos antigos para alcan\u00e7ar objetivos de prote\u00e7\u00e3o, isolamento t\u00e9rmico e habitabilidade do ambiente. De fato, usamos biomateriais para criar argamassas e <a href=\"https:\/\/www.diasen.com\/pt-pt\/tinta-termica\/\"><strong>tintas isolantes t\u00e9rmicas<\/strong><\/a> que n\u00e3o liberam subst\u00e2ncias nocivas ao meio ambiente e que agem com muito alta efici\u00eancia.<\/p>\n<p>O carro-chefe desta busca por conforto t\u00e9rmico \u00e9 certamente a <strong>corti\u00e7a<\/strong>. Utilizamos esta preciosa casca de um determinado carvalho mediterr\u00e2neo por suas propriedades f\u00edsicas, pela tipicidade de seu ecossistema, pela regenera\u00e7\u00e3o a cada dez anos que a torna um material renov\u00e1vel, e porque se torna utiliz\u00e1vel exclusivamente atrav\u00e9s de processos de tratamento f\u00edsicos e n\u00e3o qu\u00edmicos.<\/p>\n<p>A corti\u00e7a como ess\u00eancia da formula\u00e7\u00e3o de nossas bioargamassas constitui uma <strong>alternativa radical ao tradicional isolamento t\u00e9rmico<\/strong>, que requer o uso de materiais sint\u00e9ticos inflam\u00e1veis, pouco vers\u00e1teis e sem o dinamismo intr\u00ednseco que permite o isolamento tanto no inverno como no ver\u00e3o.<\/p>\n<p><strong>Como melhor isolante t\u00e9rmico, a corti\u00e7a<\/strong> tem uma estrutura ordenada de paredes celulares, com uma tripla camada de tecido composto de <strong>celulose, lignina e suberina<\/strong>. As duas primeiras desempenham a fun\u00e7\u00e3o de suporte de materiais, enquanto a suberina &#8211; uma mistura de \u00e1cidos graxos de cadeia longa &#8211; garante propriedades compar\u00e1veis \u00e0s das ceras, come\u00e7ando com uma resist\u00eancia marcada \u00e0 \u00e1gua.<\/p>\n<p>A presen\u00e7a caracterizadora de suberina, al\u00e9m de inibir a a\u00e7\u00e3o dos parasitas, explica a tend\u00eancia hidrof\u00f3bica da corti\u00e7a e seu alto grau de elasticidade e resist\u00eancia mec\u00e2nica. <strong>O <a href=\"https:\/\/www.diasen.com\/pt-pt\/isolamento-cortica\/\">isolamento t\u00e9rmico com corti\u00e7a<\/a><\/strong> visa, portanto, tornar a casa uma obra saud\u00e1vel, resistente, confort\u00e1vel e \u00e0 prova de fogo.<\/p>\n<p>&nbsp;<\/p>\n<h2><strong>Novas exig\u00eancias, novos materiais<\/strong><\/h2>\n<p>Corti\u00e7a, perlita, pedra-pomes s\u00e3o materiais utilizados na constru\u00e7\u00e3o para alimentar uma filosofia nova e inovadora, ao mesmo tempo antropoc\u00eantrica e ecoc\u00eantrica, capaz de combinar as necessidades das pessoas e do meio ambiente. Esta filosofia de conforto sustent\u00e1vel possui uma express\u00e3o realizada no estilo de constru\u00e7\u00e3o da \u00e1rea mediterr\u00e2nea, nas \u00e1reas onde a civiliza\u00e7\u00e3o encontrou as ra\u00edzes de um desenvolvimento espetacular tamb\u00e9m em termos de arquitetura, com edif\u00edcios que foram constru\u00eddos usando materiais naturais e regionais.<\/p>\n<p>Estes materiais, ligados \u00e0 necessidade de prote\u00e7\u00e3o e isolamento t\u00e9rmico, compartilham uma propriedade comum: apesar de suas diferentes origens e composi\u00e7\u00f5es, possuem uma porosidade muito alta e uma estrutura molecular que revela uma trama de cavidades que incorporam ar, bloqueando seu movimento.<\/p>\n<p>Quando o ar \u00e9 retido e confinado nas cavidades e alv\u00e9olos, ele manifesta uma propriedade not\u00e1vel: sua capacidade de transferir calor se torna m\u00ednima e se situa no topo da pir\u00e2mide dos isolantes naturais. Esta aten\u00e7\u00e3o aos materiais, esta sabedoria emp\u00edrica herdada de s\u00e9culos, tem guiado a cultura arquitet\u00f4nica mediterr\u00e2nea que se concentra na habitabilidade dos espa\u00e7os, na respirabilidade das paredes, na leveza das estruturas, na ventila\u00e7\u00e3o natural e nas solu\u00e7\u00f5es reflexivas.<\/p>\n<p><strong>A filosofia do bom isolamento t\u00e9rmico<\/strong> representa cada vez mais um modelo de constru\u00e7\u00e3o capaz de combinar conforto e habitabilidade, no qual a casa \u00e9 caracterizada como um lugar agrad\u00e1vel e seguro para se viver todos os dias.<\/p>\n<p>&nbsp;<\/p>\n<h2><strong>As vantagens de um bom isolamento t\u00e9rmico<\/strong><\/h2>\n<p><strong>Realizar um bom isolamento t\u00e9rmico, eventualmente com materiais naturais<\/strong>, torna poss\u00edvel administrar a quantidade de calor que entra e sai da casa, o que significa que o sistema de climatiza\u00e7\u00e3o tem que funcionar menos para manter o equil\u00edbrio t\u00e9rmico, reduzindo os custos de energia. Na verdade, uma casa bem isolada proporciona uma temperatura equilibrada e confort\u00e1vel, tanto no inverno como no ver\u00e3o, aumentando a durabilidade do im\u00f3vel.<\/p>\n<p>Al\u00e9m disso, n\u00e3o devem ser subestimados os aspectos de seguran\u00e7a e ecol\u00f3gicos: se por um lado o isolamento t\u00e9rmico ajuda a proteger a casa contra mudan\u00e7as nas condi\u00e7\u00f5es clim\u00e1ticas e eventos meteorol\u00f3gicos &#8211; como vento, chuva e neve &#8211; por outro lado permite consumir menos energia, emitir menos di\u00f3xido de carbono na atmosfera, ajudando a reduzir as causas do aquecimento global.<\/p>\n<p><strong>A ado\u00e7\u00e3o de uma cultura verde de isolamento t\u00e9rmico<\/strong> \u00e9 um passo importante para criar edif\u00edcios mais sustent\u00e1veis com um impacto ambiental reduzido. Desta forma, voc\u00ea pode contribuir para a luta contra as mudan\u00e7as clim\u00e1ticas e para a cria\u00e7\u00e3o de um mundo mais verde e sustent\u00e1vel.<\/p>\n","protected":false},"excerpt":{"rendered":"<p>Por que falamos de um ponto de inflex\u00e3o cultural ao abordar o tema do isolamento t\u00e9rmico? Simplesmente porque em um setor que contribui em grande parte para as emiss\u00f5es globais,&#8230;<\/p>\n","protected":false},"author":15,"featured_media":48680,"comment_status":"open","ping_status":"open","sticky":false,"template":"","format":"standard","meta":{"_acf_changed":false,"content-type":"","inline_featured_image":false,"_price":"","_stock":"","_tribe_ticket_header":"","_tribe_default_ticket_provider":"","_tribe_ticket_capacity":"","_ticket_start_date":"","_ticket_end_date":"","_tribe_ticket_show_description":"","_tribe_ticket_show_not_going":false,"_tribe_ticket_use_global_stock":"","_tribe_ticket_global_stock_level":"","_global_stock_mode":"","_global_stock_cap":"","_tribe_rsvp_for_event":"","_tribe_ticket_going_count":"","_tribe_ticket_not_going_count":"","_tribe_tickets_list":"[]","_tribe_ticket_has_attendee_info_fields":false,"footnotes":""},"categories":[784],"tags":[],"class_list":["post-48907","post","type-post","status-publish","format-standard","has-post-thumbnail","category-isolamento-termico-pt-pt"],"acf":[],"yoast_head":"<!-- This site is optimized with the Yoast SEO plugin v27.4 - https:\/\/yoast.com\/product\/yoast-seo-wordpress\/ -->\n<title>Isolamento t\u00e9rmico: o ponto de inflex\u00e3o cultural<\/title>\n<meta name=\"description\" content=\"Um bom isolamento t\u00e9rmico reduz a perda de calor durante os meses de inverno e reduz sua entrada no ver\u00e3o, aumentando o conforto de vida\" \/>\n<meta name=\"robots\" content=\"index, follow, max-snippet:-1, max-image-preview:large, max-video-preview:-1\" \/>\n<link rel=\"canonical\" href=\"https:\/\/www.diasen.com\/pt-pt\/isolamento-termico-construcao\/\" \/>\n<meta property=\"og:locale\" content=\"pt_PT\" \/>\n<meta property=\"og:type\" content=\"article\" \/>\n<meta property=\"og:title\" content=\"Isolamento t\u00e9rmico: o ponto de inflex\u00e3o cultural\" \/>\n<meta property=\"og:description\" content=\"Um bom isolamento t\u00e9rmico reduz a perda de calor durante os meses de inverno e reduz sua entrada no ver\u00e3o, aumentando o conforto de vida\" \/>\n<meta property=\"og:url\" content=\"https:\/\/www.diasen.com\/pt-pt\/isolamento-termico-construcao\/\" \/>\n<meta property=\"og:site_name\" content=\"Diasen\" \/>\n<meta property=\"article:published_time\" content=\"2023-02-08T10:09:11+00:00\" \/>\n<meta property=\"article:modified_time\" content=\"2023-02-17T10:36:54+00:00\" \/>\n<meta property=\"og:image\" content=\"https:\/\/www.diasen.com\/wp-content\/uploads\/2023\/02\/isolamento-termico.jpg\" \/>\n\t<meta property=\"og:image:width\" content=\"1400\" \/>\n\t<meta property=\"og:image:height\" content=\"933\" \/>\n\t<meta property=\"og:image:type\" content=\"image\/jpeg\" \/>\n<meta name=\"author\" content=\"Diasen\" \/>\n<meta name=\"twitter:card\" content=\"summary_large_image\" \/>\n<meta name=\"twitter:label1\" content=\"Escrito por\" \/>\n\t<meta name=\"twitter:data1\" content=\"Diasen\" \/>\n\t<meta name=\"twitter:label2\" content=\"Tempo estimado de leitura\" \/>\n\t<meta name=\"twitter:data2\" content=\"6 minutos\" \/>\n<script type=\"application\/ld+json\" class=\"yoast-schema-graph\">{\"@context\":\"https:\\\/\\\/schema.org\",\"@graph\":[{\"@type\":\"Article\",\"@id\":\"https:\\\/\\\/www.diasen.com\\\/pt-pt\\\/isolamento-termico-construcao\\\/#article\",\"isPartOf\":{\"@id\":\"https:\\\/\\\/www.diasen.com\\\/pt-pt\\\/isolamento-termico-construcao\\\/\"},\"author\":{\"name\":\"Diasen\",\"@id\":\"https:\\\/\\\/diasen.com\\\/#\\\/schema\\\/person\\\/4ae59810b85e38a59f10ea65b42a9cab\"},\"headline\":\"Isolamento t\u00e9rmico: o ponto de inflex\u00e3o cultural no setor da constru\u00e7\u00e3o civil\",\"datePublished\":\"2023-02-08T10:09:11+00:00\",\"dateModified\":\"2023-02-17T10:36:54+00:00\",\"mainEntityOfPage\":{\"@id\":\"https:\\\/\\\/www.diasen.com\\\/pt-pt\\\/isolamento-termico-construcao\\\/\"},\"wordCount\":1244,\"commentCount\":0,\"publisher\":{\"@id\":\"https:\\\/\\\/diasen.com\\\/#organization\"},\"image\":{\"@id\":\"https:\\\/\\\/www.diasen.com\\\/pt-pt\\\/isolamento-termico-construcao\\\/#primaryimage\"},\"thumbnailUrl\":\"https:\\\/\\\/www.diasen.com\\\/wp-content\\\/uploads\\\/2023\\\/02\\\/isolamento-termico.jpg\",\"articleSection\":[\"Isolamento t\u00e9rmico\"],\"inLanguage\":\"pt-PT\"},{\"@type\":\"WebPage\",\"@id\":\"https:\\\/\\\/www.diasen.com\\\/pt-pt\\\/isolamento-termico-construcao\\\/\",\"url\":\"https:\\\/\\\/www.diasen.com\\\/pt-pt\\\/isolamento-termico-construcao\\\/\",\"name\":\"Isolamento t\u00e9rmico: o ponto de inflex\u00e3o cultural\",\"isPartOf\":{\"@id\":\"https:\\\/\\\/diasen.com\\\/#website\"},\"primaryImageOfPage\":{\"@id\":\"https:\\\/\\\/www.diasen.com\\\/pt-pt\\\/isolamento-termico-construcao\\\/#primaryimage\"},\"image\":{\"@id\":\"https:\\\/\\\/www.diasen.com\\\/pt-pt\\\/isolamento-termico-construcao\\\/#primaryimage\"},\"thumbnailUrl\":\"https:\\\/\\\/www.diasen.com\\\/wp-content\\\/uploads\\\/2023\\\/02\\\/isolamento-termico.jpg\",\"datePublished\":\"2023-02-08T10:09:11+00:00\",\"dateModified\":\"2023-02-17T10:36:54+00:00\",\"description\":\"Um bom isolamento t\u00e9rmico reduz a perda de calor durante os meses de inverno e reduz sua entrada no ver\u00e3o, aumentando o conforto de vida\",\"breadcrumb\":{\"@id\":\"https:\\\/\\\/www.diasen.com\\\/pt-pt\\\/isolamento-termico-construcao\\\/#breadcrumb\"},\"inLanguage\":\"pt-PT\",\"potentialAction\":[{\"@type\":\"ReadAction\",\"target\":[\"https:\\\/\\\/www.diasen.com\\\/pt-pt\\\/isolamento-termico-construcao\\\/\"]}]},{\"@type\":\"ImageObject\",\"inLanguage\":\"pt-PT\",\"@id\":\"https:\\\/\\\/www.diasen.com\\\/pt-pt\\\/isolamento-termico-construcao\\\/#primaryimage\",\"url\":\"https:\\\/\\\/www.diasen.com\\\/wp-content\\\/uploads\\\/2023\\\/02\\\/isolamento-termico.jpg\",\"contentUrl\":\"https:\\\/\\\/www.diasen.com\\\/wp-content\\\/uploads\\\/2023\\\/02\\\/isolamento-termico.jpg\",\"width\":1400,\"height\":933,\"caption\":\"isolamento termico\"},{\"@type\":\"BreadcrumbList\",\"@id\":\"https:\\\/\\\/www.diasen.com\\\/pt-pt\\\/isolamento-termico-construcao\\\/#breadcrumb\",\"itemListElement\":[{\"@type\":\"ListItem\",\"position\":1,\"name\":\"Home\",\"item\":\"https:\\\/\\\/www.diasen.com\\\/\"},{\"@type\":\"ListItem\",\"position\":2,\"name\":\"Isolamento t\u00e9rmico: o ponto de inflex\u00e3o cultural no setor da constru\u00e7\u00e3o civil\"}]},{\"@type\":\"WebSite\",\"@id\":\"https:\\\/\\\/diasen.com\\\/#website\",\"url\":\"https:\\\/\\\/diasen.com\\\/\",\"name\":\"Diasen\",\"description\":\"\",\"publisher\":{\"@id\":\"https:\\\/\\\/diasen.com\\\/#organization\"},\"potentialAction\":[{\"@type\":\"SearchAction\",\"target\":{\"@type\":\"EntryPoint\",\"urlTemplate\":\"https:\\\/\\\/diasen.com\\\/?s={search_term_string}\"},\"query-input\":{\"@type\":\"PropertyValueSpecification\",\"valueRequired\":true,\"valueName\":\"search_term_string\"}}],\"inLanguage\":\"pt-PT\"},{\"@type\":\"Organization\",\"@id\":\"https:\\\/\\\/diasen.com\\\/#organization\",\"name\":\"Diasen\",\"url\":\"https:\\\/\\\/diasen.com\\\/\",\"logo\":{\"@type\":\"ImageObject\",\"inLanguage\":\"pt-PT\",\"@id\":\"https:\\\/\\\/diasen.com\\\/#\\\/schema\\\/logo\\\/image\\\/\",\"url\":\"https:\\\/\\\/www.diasen.com\\\/wp-content\\\/uploads\\\/2026\\\/04\\\/logo_diasen.png\",\"contentUrl\":\"https:\\\/\\\/www.diasen.com\\\/wp-content\\\/uploads\\\/2026\\\/04\\\/logo_diasen.png\",\"width\":300,\"height\":160,\"caption\":\"Diasen\"},\"image\":{\"@id\":\"https:\\\/\\\/diasen.com\\\/#\\\/schema\\\/logo\\\/image\\\/\"}},{\"@type\":\"Person\",\"@id\":\"https:\\\/\\\/diasen.com\\\/#\\\/schema\\\/person\\\/4ae59810b85e38a59f10ea65b42a9cab\",\"name\":\"Diasen\",\"image\":{\"@type\":\"ImageObject\",\"inLanguage\":\"pt-PT\",\"@id\":\"https:\\\/\\\/secure.gravatar.com\\\/avatar\\\/c712cde7b26e86dd5d498092f4924eebcd48ad89b60dde10fe91a16d78653e4e?s=96&d=mm&r=g\",\"url\":\"https:\\\/\\\/secure.gravatar.com\\\/avatar\\\/c712cde7b26e86dd5d498092f4924eebcd48ad89b60dde10fe91a16d78653e4e?s=96&d=mm&r=g\",\"contentUrl\":\"https:\\\/\\\/secure.gravatar.com\\\/avatar\\\/c712cde7b26e86dd5d498092f4924eebcd48ad89b60dde10fe91a16d78653e4e?s=96&d=mm&r=g\",\"caption\":\"Diasen\"},\"url\":\"https:\\\/\\\/www.diasen.com\\\/pt-pt\\\/author\\\/diasen\\\/\"}]}<\/script>\n<!-- \/ Yoast SEO plugin. -->","yoast_head_json":{"title":"Isolamento t\u00e9rmico: o ponto de inflex\u00e3o cultural","description":"Um bom isolamento t\u00e9rmico reduz a perda de calor durante os meses de inverno e reduz sua entrada no ver\u00e3o, aumentando o conforto de vida","robots":{"index":"index","follow":"follow","max-snippet":"max-snippet:-1","max-image-preview":"max-image-preview:large","max-video-preview":"max-video-preview:-1"},"canonical":"https:\/\/www.diasen.com\/pt-pt\/isolamento-termico-construcao\/","og_locale":"pt_PT","og_type":"article","og_title":"Isolamento t\u00e9rmico: o ponto de inflex\u00e3o cultural","og_description":"Um bom isolamento t\u00e9rmico reduz a perda de calor durante os meses de inverno e reduz sua entrada no ver\u00e3o, aumentando o conforto de vida","og_url":"https:\/\/www.diasen.com\/pt-pt\/isolamento-termico-construcao\/","og_site_name":"Diasen","article_published_time":"2023-02-08T10:09:11+00:00","article_modified_time":"2023-02-17T10:36:54+00:00","og_image":[{"width":1400,"height":933,"url":"https:\/\/www.diasen.com\/wp-content\/uploads\/2023\/02\/isolamento-termico.jpg","type":"image\/jpeg"}],"author":"Diasen","twitter_card":"summary_large_image","twitter_misc":{"Escrito por":"Diasen","Tempo estimado de leitura":"6 minutos"},"schema":{"@context":"https:\/\/schema.org","@graph":[{"@type":"Article","@id":"https:\/\/www.diasen.com\/pt-pt\/isolamento-termico-construcao\/#article","isPartOf":{"@id":"https:\/\/www.diasen.com\/pt-pt\/isolamento-termico-construcao\/"},"author":{"name":"Diasen","@id":"https:\/\/diasen.com\/#\/schema\/person\/4ae59810b85e38a59f10ea65b42a9cab"},"headline":"Isolamento t\u00e9rmico: o ponto de inflex\u00e3o cultural no setor da constru\u00e7\u00e3o civil","datePublished":"2023-02-08T10:09:11+00:00","dateModified":"2023-02-17T10:36:54+00:00","mainEntityOfPage":{"@id":"https:\/\/www.diasen.com\/pt-pt\/isolamento-termico-construcao\/"},"wordCount":1244,"commentCount":0,"publisher":{"@id":"https:\/\/diasen.com\/#organization"},"image":{"@id":"https:\/\/www.diasen.com\/pt-pt\/isolamento-termico-construcao\/#primaryimage"},"thumbnailUrl":"https:\/\/www.diasen.com\/wp-content\/uploads\/2023\/02\/isolamento-termico.jpg","articleSection":["Isolamento t\u00e9rmico"],"inLanguage":"pt-PT"},{"@type":"WebPage","@id":"https:\/\/www.diasen.com\/pt-pt\/isolamento-termico-construcao\/","url":"https:\/\/www.diasen.com\/pt-pt\/isolamento-termico-construcao\/","name":"Isolamento t\u00e9rmico: o ponto de inflex\u00e3o cultural","isPartOf":{"@id":"https:\/\/diasen.com\/#website"},"primaryImageOfPage":{"@id":"https:\/\/www.diasen.com\/pt-pt\/isolamento-termico-construcao\/#primaryimage"},"image":{"@id":"https:\/\/www.diasen.com\/pt-pt\/isolamento-termico-construcao\/#primaryimage"},"thumbnailUrl":"https:\/\/www.diasen.com\/wp-content\/uploads\/2023\/02\/isolamento-termico.jpg","datePublished":"2023-02-08T10:09:11+00:00","dateModified":"2023-02-17T10:36:54+00:00","description":"Um bom isolamento t\u00e9rmico reduz a perda de calor durante os meses de inverno e reduz sua entrada no ver\u00e3o, aumentando o conforto de vida","breadcrumb":{"@id":"https:\/\/www.diasen.com\/pt-pt\/isolamento-termico-construcao\/#breadcrumb"},"inLanguage":"pt-PT","potentialAction":[{"@type":"ReadAction","target":["https:\/\/www.diasen.com\/pt-pt\/isolamento-termico-construcao\/"]}]},{"@type":"ImageObject","inLanguage":"pt-PT","@id":"https:\/\/www.diasen.com\/pt-pt\/isolamento-termico-construcao\/#primaryimage","url":"https:\/\/www.diasen.com\/wp-content\/uploads\/2023\/02\/isolamento-termico.jpg","contentUrl":"https:\/\/www.diasen.com\/wp-content\/uploads\/2023\/02\/isolamento-termico.jpg","width":1400,"height":933,"caption":"isolamento termico"},{"@type":"BreadcrumbList","@id":"https:\/\/www.diasen.com\/pt-pt\/isolamento-termico-construcao\/#breadcrumb","itemListElement":[{"@type":"ListItem","position":1,"name":"Home","item":"https:\/\/www.diasen.com\/"},{"@type":"ListItem","position":2,"name":"Isolamento t\u00e9rmico: o ponto de inflex\u00e3o cultural no setor da constru\u00e7\u00e3o civil"}]},{"@type":"WebSite","@id":"https:\/\/diasen.com\/#website","url":"https:\/\/diasen.com\/","name":"Diasen","description":"","publisher":{"@id":"https:\/\/diasen.com\/#organization"},"potentialAction":[{"@type":"SearchAction","target":{"@type":"EntryPoint","urlTemplate":"https:\/\/diasen.com\/?s={search_term_string}"},"query-input":{"@type":"PropertyValueSpecification","valueRequired":true,"valueName":"search_term_string"}}],"inLanguage":"pt-PT"},{"@type":"Organization","@id":"https:\/\/diasen.com\/#organization","name":"Diasen","url":"https:\/\/diasen.com\/","logo":{"@type":"ImageObject","inLanguage":"pt-PT","@id":"https:\/\/diasen.com\/#\/schema\/logo\/image\/","url":"https:\/\/www.diasen.com\/wp-content\/uploads\/2026\/04\/logo_diasen.png","contentUrl":"https:\/\/www.diasen.com\/wp-content\/uploads\/2026\/04\/logo_diasen.png","width":300,"height":160,"caption":"Diasen"},"image":{"@id":"https:\/\/diasen.com\/#\/schema\/logo\/image\/"}},{"@type":"Person","@id":"https:\/\/diasen.com\/#\/schema\/person\/4ae59810b85e38a59f10ea65b42a9cab","name":"Diasen","image":{"@type":"ImageObject","inLanguage":"pt-PT","@id":"https:\/\/secure.gravatar.com\/avatar\/c712cde7b26e86dd5d498092f4924eebcd48ad89b60dde10fe91a16d78653e4e?s=96&d=mm&r=g","url":"https:\/\/secure.gravatar.com\/avatar\/c712cde7b26e86dd5d498092f4924eebcd48ad89b60dde10fe91a16d78653e4e?s=96&d=mm&r=g","contentUrl":"https:\/\/secure.gravatar.com\/avatar\/c712cde7b26e86dd5d498092f4924eebcd48ad89b60dde10fe91a16d78653e4e?s=96&d=mm&r=g","caption":"Diasen"},"url":"https:\/\/www.diasen.com\/pt-pt\/author\/diasen\/"}]}},"_links":{"self":[{"href":"https:\/\/www.diasen.com\/pt-pt\/wp-json\/wp\/v2\/posts\/48907","targetHints":{"allow":["GET"]}}],"collection":[{"href":"https:\/\/www.diasen.com\/pt-pt\/wp-json\/wp\/v2\/posts"}],"about":[{"href":"https:\/\/www.diasen.com\/pt-pt\/wp-json\/wp\/v2\/types\/post"}],"author":[{"embeddable":true,"href":"https:\/\/www.diasen.com\/pt-pt\/wp-json\/wp\/v2\/users\/15"}],"replies":[{"embeddable":true,"href":"https:\/\/www.diasen.com\/pt-pt\/wp-json\/wp\/v2\/comments?post=48907"}],"version-history":[{"count":0,"href":"https:\/\/www.diasen.com\/pt-pt\/wp-json\/wp\/v2\/posts\/48907\/revisions"}],"wp:featuredmedia":[{"embeddable":true,"href":"https:\/\/www.diasen.com\/pt-pt\/wp-json\/wp\/v2\/media\/48680"}],"wp:attachment":[{"href":"https:\/\/www.diasen.com\/pt-pt\/wp-json\/wp\/v2\/media?parent=48907"}],"wp:term":[{"taxonomy":"category","embeddable":true,"href":"https:\/\/www.diasen.com\/pt-pt\/wp-json\/wp\/v2\/categories?post=48907"},{"taxonomy":"post_tag","embeddable":true,"href":"https:\/\/www.diasen.com\/pt-pt\/wp-json\/wp\/v2\/tags?post=48907"}],"curies":[{"name":"wp","href":"https:\/\/api.w.org\/{rel}","templated":true}]}}