{"id":68424,"date":"2023-06-12T15:48:36","date_gmt":"2023-06-12T13:48:36","guid":{"rendered":"https:\/\/www.diasen.com\/fonoassorbimento-e-isolamento-acustico-cosa-cambia\/"},"modified":"2023-08-03T09:56:28","modified_gmt":"2023-08-03T07:56:28","slug":"absorption-et-isolation-acoustique-quels-changements","status":"publish","type":"post","link":"https:\/\/www.diasen.com\/fr\/absorption-et-isolation-acoustique-quels-changements\/","title":{"rendered":"Absorption et isolation acoustique : quels changements ?"},"content":{"rendered":"\r\n<p>Dans l&#8217;agitation de la vie moderne, le silence est devenu un luxe pr\u00e9cieux et rare. Nous sommes plong\u00e9s dans un brouhaha permanent, dans une harmonie de bruits qui envahit notre sph\u00e8re sensorielle et nous \u00e9loigne de nous-m\u00eames. Mais que se passe-t-il lorsque le silence peut \u00eatre recr\u00e9\u00e9 dans un environnement, lorsque nous recherchons le calme int\u00e9rieur et l&#8217;harmonie sonore dans les espaces qui nous entourent ?<\/p>\r\n<p>Nous \u00e9voquons souvent dans notre blog deux concepts fondamentaux pour assurer le bien-\u00eatre et le confort des espaces int\u00e9rieurs : il <strong>s&#8217;agit de l&#8217;absorption et de l&#8217;isolation acoustique.<\/strong> Les non-initi\u00e9s pourraient confondre ces deux termes qui visent un m\u00eame objectif, bien qu&#8217;avec de nombreuses diff\u00e9rences : le bien-\u00eatre acoustique d&#8217;une maison ou d&#8217;un bureau.<\/p>\r\n<p>Dans cet article, nous allons nous plonger dans le monde de l&#8217;absorption et de l&#8217;isolation acoustiques, en explorant leurs nuances et leur importance dans la cr\u00e9ation d&#8217;environnements propices \u00e0 la paix et au confort.<\/p>\r\n<p>&nbsp;<\/p>\r\n<h2>L&#8217;absorption acoustique : ce qu&#8217;elle signifie<\/h2>\r\n<p><strong>L&#8217;absorption acoustique<\/strong> peut \u00eatre d\u00e9finie comme l&#8217;art d&#8217;embrasser le son, de le capturer et de le rendre doux et chaud. Il s&#8217;agit de la capacit\u00e9 d&#8217;un mat\u00e9riau ou d&#8217;une surface \u00e0 absorber les ondes sonores.<\/p>\r\n<p>Ce concept apparemment simple cache une certaine complexit\u00e9. L&#8217;absorption acoustique exige une compr\u00e9hension profonde du son et de ses caract\u00e9ristiques, ainsi qu&#8217;une ma\u00eetrise dans l&#8217;art de s\u00e9lectionner et d&#8217;utiliser les mat\u00e9riaux appropri\u00e9s.<\/p>\r\n<p>Lorsqu&#8217;une pi\u00e8ce est \u00e9quip\u00e9e de <a href=\"https:\/\/www.diasen.com\/fr\/dabsorption-acoustique\/\"><strong>mat\u00e9riaux absorbants<\/strong><\/a>, le son prend une nouvelle dimension. Les ondes sonores trouvent un point d&#8217;ancrage stable et se transforment en un flux harmonique, une exp\u00e9rience sensorielle enveloppante. Les voix se propagent naturellement, les bruits sont \u00e9touff\u00e9s et un espace est cr\u00e9\u00e9 dans lequel on peut se sentir \u00e0 l&#8217;aise.<\/p>\r\n<p>&nbsp;<\/p>\r\n<h2>Le temps de r\u00e9verb\u00e9ration, un concept fondamental de l&#8217;absorption du son<\/h2>\r\n<p>L&#8217;absorption des ondes sonores dans une pi\u00e8ce par un mat\u00e9riau absorbant le son entra\u00eene une r\u00e9duction du <strong><a href=\"https:\/\/www.cirrusresearch.fr\/blog\/2020\/04\/quest-ce-que-le-temps-de-reverberation-et-comment-est-il-calcule\/#:~:text=Le%20temps%20de%20r%C3%A9verb%C3%A9ration%20d'une%20pi%C3%A8ce%20ou%20d'un,%C3%A9crit%20comme%20l'heure%20T60.\">temps de r\u00e9verb\u00e9ration<\/a>.<\/strong> Nous avons d\u00e9j\u00e0 \u00e9voqu\u00e9 ce concept dans notre blog, mais nous le reprenons, car il est fondamental pour comprendre comment rendre un environnement plus confortable en termes de son.<\/p>\r\n<p>Le temps de r\u00e9verb\u00e9ration correspond au temps n\u00e9cessaire pour que le niveau de pression acoustique s&#8217;att\u00e9nue de 60 dB apr\u00e8s l&#8217;arr\u00eat de la source sonore. En d&#8217;autres termes, il repr\u00e9sente le <strong>temps n\u00e9cessaire pour que l&#8217;intensit\u00e9 d&#8217;un son diminue dans un environnement.<\/strong><\/p>\r\n<p>La formule standard pour calculer le temps de r\u00e9verb\u00e9ration d&#8217;une pi\u00e8ce est la formule de Sabine :<\/p>\r\n<p>T = (0.161 x V) \/ A<\/p>\r\n<p>o\u00f9 T est le temps de r\u00e9verb\u00e9ration en secondes, V est le volume de la pi\u00e8ce en m\u00e8tres cubes et A est la surface totale des surfaces absorbant le son dans la pi\u00e8ce en m\u00e8tres carr\u00e9s.<\/p>\r\n<p>Il s&#8217;agit d&#8217;un param\u00e8tre important car, s&#8217;il est trop long, il peut provoquer une r\u00e9verb\u00e9ration excessive, ce qui peut rendre difficile la compr\u00e9hension de la parole, cr\u00e9er un environnement bruyant ou inconfortable pour l&#8217;ex\u00e9cution de certaines activit\u00e9s. Inversement, un temps de r\u00e9verb\u00e9ration trop court peut donner une pi\u00e8ce trop s\u00e8che ou d\u00e9pourvue des r\u00e9sonances souhait\u00e9es, ce qui peut \u00eatre d\u00e9sagr\u00e9able d&#8217;un point de vue acoustique.<\/p>\r\n<p>En utilisant des mat\u00e9riaux absorbants appropri\u00e9s<strong>, le temps de r\u00e9verb\u00e9ration peut \u00eatre ajust\u00e9 pour obtenir un environnement acoustiquement \u00e9quilibr\u00e9 et confortable<\/strong>.<\/p>\r\n<p>&nbsp;<\/p>\r\n<h2>Isolation acoustique : ce que cela signifie<\/h2>\r\n<p>D&#8217;un autre c\u00f4t\u00e9, il y a <strong>l&#8217;<a href=\"https:\/\/www.diasen.com\/fr\/isolation-acoustique-le-confort-du-liege\/\">isolation acoustique<\/a>.<\/strong><\/p>\r\n<p>Ce concept fait r\u00e9f\u00e9rence \u00e0 <strong>l&#8217;ensemble des techniques et des mat\u00e9riaux con\u00e7us pour r\u00e9duire ou limiter la transmission du son d&#8217;un environnement \u00e0 l&#8217;autre.<\/strong> C&#8217;est l&#8217;art de cr\u00e9er une barri\u00e8re protectrice qui emp\u00eache le bruit d&#8217;envahir un espace, pr\u00e9servant ainsi la tranquillit\u00e9 et le bien-\u00eatre des personnes qui y vivent.<\/p>\r\n<p>Le concept d&#8217;isolation acoustique est bas\u00e9 sur des principes physiques et d&#8217;ing\u00e9nierie, utilisant des mat\u00e9riaux sp\u00e9ciaux et des techniques de construction cibl\u00e9es pour minimiser la propagation du son \u00e0 travers les murs, les sols, les plafonds et d&#8217;autres surfaces. Il s&#8217;agit d&#8217;un processus qui n\u00e9cessite une analyse approfondie des caract\u00e9ristiques du son et de sa transmission, afin de s\u00e9lectionner et de mettre en \u0153uvre les solutions les plus efficaces.<\/p>\r\n<p>&nbsp;<\/p>\r\n<p><strong>Quelle est donc la diff\u00e9rence entre l&#8217;isolation acoustique et l&#8217;absorption acoustique ?<\/strong> Principalement les buts.<\/p>\r\n<p>L&#8217;objectif de l&#8217;isolation acoustique est de cr\u00e9er un espace prot\u00e9g\u00e9 dans lequel les bruits ext\u00e9rieurs sont att\u00e9nu\u00e9s ou compl\u00e8tement \u00e9limin\u00e9s, ce qui permet aux gens de profiter d&#8217;un environnement calme et confortable. L&#8217;absorption acoustique vise plut\u00f4t \u00e0 r\u00e9duire ou \u00e0 contr\u00f4ler l&#8217;\u00e9cho et la r\u00e9verb\u00e9ration du son dans une pi\u00e8ce, cr\u00e9ant ainsi un environnement acoustiquement confortable, optimis\u00e9 pour la communication et l&#8217;\u00e9coute.<\/p>\r\n<p>&nbsp;<\/p>\r\n<h2>Les mat\u00e9riaux utilis\u00e9s pour l&#8217;isolation acoustique et l&#8217;absorption du son sont-ils les m\u00eames ?<\/h2>\r\n<p>Compte tenu des diff\u00e9rences entre les objectifs fix\u00e9s en mati\u00e8re d&#8217;absorption acoustique et d&#8217;isolation, les mat\u00e9riaux changent \u00e9galement consid\u00e9rablement.<\/p>\r\n<p>Les mat\u00e9riaux d&#8217;isolation acoustique sont con\u00e7us pour r\u00e9duire la transmission du son \u00e0 travers les murs, les sols et les plafonds d&#8217;une pi\u00e8ce. L&#8217;objectif principal de l&#8217;isolation acoustique est de limiter la propagation du son d&#8217;une pi\u00e8ce \u00e0 l&#8217;autre. Les mat\u00e9riaux qui permettent d&#8217;atteindre cet objectif ont donc une <strong>structure \u00e9paisse et dense.<\/strong><\/p>\r\n<p>Parmi ceux-ci, les plus utilis\u00e9s sont la laine de roche, qui consiste en de fines fibres obtenues par la fusion de roches volcaniques ou basaltiques \u00e0 tr\u00e8s haute temp\u00e9rature ; la mousse acoustique, un mat\u00e9riau l\u00e9ger et poreux utilis\u00e9 pour l&#8217;isolation acoustique dans des environnements tels que les studios d&#8217;enregistrement, les salles de r\u00e9p\u00e9tition et les th\u00e9\u00e2tres ; et la fibre de bois, une autre option courante pour am\u00e9liorer l&#8217;isolation acoustique d&#8217;une pi\u00e8ce.<\/p>\r\n<p>D&#8217;autre part, les mat\u00e9riaux absorbant le son sont con\u00e7us pour r\u00e9duire l&#8217;\u00e9cho et la r\u00e9verb\u00e9ration \u00e0 l&#8217;int\u00e9rieur m\u00eame d&#8217;une pi\u00e8ce. Ces mat\u00e9riaux sont capables d&#8217;absorber une partie du son incident, gr\u00e2ce \u00e0 leur porosit\u00e9 et \u00e0 une <strong>structure cellulaire qui retient le son et ne lui permet pas de &#8220;rebondir&#8221; dans la pi\u00e8ce.<\/strong><\/p>\r\n<p>Parmi les plus utilis\u00e9s, citons la mousse de polyur\u00e9thane, un mat\u00e9riau polyvalent qui peut \u00eatre utilis\u00e9 dans diverses applications, telles que les salles de conf\u00e9rence, les restaurants, les studios d&#8217;enregistrement et les environnements domestiques, ou encore notre <a href=\"https:\/\/www.diasen.com\/fr\/liege-isolant\/\"><strong>li\u00e8ge<\/strong><\/a>, performant et efficace.<\/p>\r\n<p>&nbsp;<\/p>\r\n<h2>Conclusion<\/h2>\r\n<p>Comprendre les diff\u00e9rences entre l&#8217;isolation acoustique et l&#8217;absorption acoustique est d&#8217;une importance fondamentale pour la conception et la r\u00e9alisation d&#8217;environnements acoustiques optimaux.<\/p>\r\n<p>C&#8217;est ce que d\u00e9montrent l&#8217;isolation acoustique de Diasen et l&#8217;intervention d&#8217;absorption acoustique dans le <a href=\"https:\/\/www.diasen.com\/portfolio\/isolamento-acustico-campo-das-cebolas\/\">parking souterrain de Campo das Cebolas \u00e0 Lisbonne.<\/a><\/p>\r\n<p>Ici, un projet d&#8217;isolation acoustique et de r\u00e9duction de la r\u00e9verb\u00e9ration a \u00e9t\u00e9 r\u00e9alis\u00e9 \u00e0 l&#8217;aide de biomalta thermo-acoustique \u00e0 base de li\u00e8ge <strong><a href=\"https:\/\/www.diasen.com\/fr\/diathonite-acoustix\/\">Diathonite Acoustix<\/a>.<\/strong> La solution a \u00e9t\u00e9 appliqu\u00e9e sur les plafonds de la structure, avec une \u00e9paisseur de 3 cm r\u00e9partie en deux couches de 1,5 cm chacune, avec le treillis de renforcement structurel Polites 140.<\/p>\r\n<p>Ce choix a permis d&#8217;allier l&#8217;efficacit\u00e9 acoustique \u00e0 une esth\u00e9tique qui privil\u00e9gie une finition presque lisse. Le compos\u00e9 d&#8217;\u00e9cr\u00e9mage acoustique Argatherm Acoustix a \u00e9t\u00e9 utilis\u00e9 pour garantir une granulom\u00e9trie fine et uniforme, permettant au syst\u00e8me de conserver des performances acoustiques \u00e9lev\u00e9es gr\u00e2ce \u00e0 sa microporosit\u00e9.<\/p>\r\n<p>D\u00e9couvrez tous les produits Diasen, biomalta, enduits, peintures \u00e0 base de li\u00e8ge, id\u00e9aux pour l&#8217;isolation thermique et acoustique des locaux. Retrouvez bien-\u00eatre et confort dans votre environnement, gr\u00e2ce \u00e0 la naturalit\u00e9 de nos produits. Contactez-nous pour plus d&#8217;informations.<\/p>\r\n","protected":false},"excerpt":{"rendered":"<p>Dans l&#8217;agitation de la vie moderne, le silence est devenu un luxe pr\u00e9cieux et rare. Nous sommes plong\u00e9s dans un brouhaha permanent, dans une harmonie de bruits qui envahit notre&#8230;<\/p>\n","protected":false},"author":15,"featured_media":51854,"comment_status":"open","ping_status":"open","sticky":false,"template":"","format":"standard","meta":{"_acf_changed":false,"content-type":"","inline_featured_image":false,"_price":"","_stock":"","_tribe_ticket_header":"","_tribe_default_ticket_provider":"","_tribe_ticket_capacity":"","_ticket_start_date":"","_ticket_end_date":"","_tribe_ticket_show_description":"","_tribe_ticket_show_not_going":false,"_tribe_ticket_use_global_stock":"","_tribe_ticket_global_stock_level":"","_global_stock_mode":"","_global_stock_cap":"","_tribe_rsvp_for_event":"","_tribe_ticket_going_count":"","_tribe_ticket_not_going_count":"","_tribe_tickets_list":"[]","_tribe_ticket_has_attendee_info_fields":false,"footnotes":""},"categories":[1051,807],"tags":[],"class_list":["post-68424","post","type-post","status-publish","format-standard","has-post-thumbnail","category-isolamento-acustico-fr","category-isolation-phonique"],"acf":[],"yoast_head":"<!-- This site is optimized with the Yoast SEO plugin v27.4 - https:\/\/yoast.com\/product\/yoast-seo-wordpress\/ -->\n<title>Absorption et isolation acoustique : quels changements ?<\/title>\n<meta name=\"description\" content=\"Il s&#039;agit de l&#039;absorption et de l&#039;isolation acoustique. Les non-initi\u00e9s pourraient confondre ces deux termes qui visent un m\u00eame objectif,\" \/>\n<meta name=\"robots\" content=\"index, follow, max-snippet:-1, max-image-preview:large, max-video-preview:-1\" \/>\n<link rel=\"canonical\" href=\"https:\/\/www.diasen.com\/fr\/absorption-et-isolation-acoustique-quels-changements\/\" \/>\n<meta property=\"og:locale\" content=\"fr_FR\" \/>\n<meta property=\"og:type\" content=\"article\" \/>\n<meta property=\"og:title\" content=\"Absorption et isolation acoustique : quels changements ?\" \/>\n<meta property=\"og:description\" content=\"Il s&#039;agit de l&#039;absorption et de l&#039;isolation acoustique. Les non-initi\u00e9s pourraient confondre ces deux termes qui visent un m\u00eame objectif,\" \/>\n<meta property=\"og:url\" content=\"https:\/\/www.diasen.com\/fr\/absorption-et-isolation-acoustique-quels-changements\/\" \/>\n<meta property=\"og:site_name\" content=\"Diasen\" \/>\n<meta property=\"article:published_time\" content=\"2023-06-12T13:48:36+00:00\" \/>\n<meta property=\"article:modified_time\" content=\"2023-08-03T07:56:28+00:00\" \/>\n<meta property=\"og:image\" content=\"https:\/\/www.diasen.com\/wp-content\/uploads\/2023\/06\/fonoassorbimento.jpg\" \/>\n\t<meta property=\"og:image:width\" content=\"1600\" \/>\n\t<meta property=\"og:image:height\" content=\"1067\" \/>\n\t<meta property=\"og:image:type\" content=\"image\/jpeg\" \/>\n<meta name=\"author\" content=\"Diasen\" \/>\n<meta name=\"twitter:card\" content=\"summary_large_image\" \/>\n<meta name=\"twitter:label1\" content=\"\u00c9crit par\" \/>\n\t<meta name=\"twitter:data1\" content=\"Diasen\" \/>\n\t<meta name=\"twitter:label2\" content=\"Dur\u00e9e de lecture estim\u00e9e\" \/>\n\t<meta name=\"twitter:data2\" content=\"7 minutes\" \/>\n<script type=\"application\/ld+json\" class=\"yoast-schema-graph\">{\"@context\":\"https:\\\/\\\/schema.org\",\"@graph\":[{\"@type\":\"Article\",\"@id\":\"https:\\\/\\\/www.diasen.com\\\/fr\\\/absorption-et-isolation-acoustique-quels-changements\\\/#article\",\"isPartOf\":{\"@id\":\"https:\\\/\\\/www.diasen.com\\\/fr\\\/absorption-et-isolation-acoustique-quels-changements\\\/\"},\"author\":{\"name\":\"Diasen\",\"@id\":\"https:\\\/\\\/diasen.com\\\/#\\\/schema\\\/person\\\/4ae59810b85e38a59f10ea65b42a9cab\"},\"headline\":\"Absorption et isolation acoustique : quels changements ?\",\"datePublished\":\"2023-06-12T13:48:36+00:00\",\"dateModified\":\"2023-08-03T07:56:28+00:00\",\"mainEntityOfPage\":{\"@id\":\"https:\\\/\\\/www.diasen.com\\\/fr\\\/absorption-et-isolation-acoustique-quels-changements\\\/\"},\"wordCount\":1416,\"commentCount\":0,\"publisher\":{\"@id\":\"https:\\\/\\\/diasen.com\\\/#organization\"},\"image\":{\"@id\":\"https:\\\/\\\/www.diasen.com\\\/fr\\\/absorption-et-isolation-acoustique-quels-changements\\\/#primaryimage\"},\"thumbnailUrl\":\"https:\\\/\\\/www.diasen.com\\\/wp-content\\\/uploads\\\/2023\\\/06\\\/fonoassorbimento.jpg\",\"articleSection\":[\"Isolamento acustico\",\"Isolation phonique\"],\"inLanguage\":\"fr-FR\"},{\"@type\":\"WebPage\",\"@id\":\"https:\\\/\\\/www.diasen.com\\\/fr\\\/absorption-et-isolation-acoustique-quels-changements\\\/\",\"url\":\"https:\\\/\\\/www.diasen.com\\\/fr\\\/absorption-et-isolation-acoustique-quels-changements\\\/\",\"name\":\"Absorption et isolation acoustique : quels changements ?\",\"isPartOf\":{\"@id\":\"https:\\\/\\\/diasen.com\\\/#website\"},\"primaryImageOfPage\":{\"@id\":\"https:\\\/\\\/www.diasen.com\\\/fr\\\/absorption-et-isolation-acoustique-quels-changements\\\/#primaryimage\"},\"image\":{\"@id\":\"https:\\\/\\\/www.diasen.com\\\/fr\\\/absorption-et-isolation-acoustique-quels-changements\\\/#primaryimage\"},\"thumbnailUrl\":\"https:\\\/\\\/www.diasen.com\\\/wp-content\\\/uploads\\\/2023\\\/06\\\/fonoassorbimento.jpg\",\"datePublished\":\"2023-06-12T13:48:36+00:00\",\"dateModified\":\"2023-08-03T07:56:28+00:00\",\"description\":\"Il s'agit de l'absorption et de l'isolation acoustique. Les non-initi\u00e9s pourraient confondre ces deux termes qui visent un m\u00eame objectif,\",\"breadcrumb\":{\"@id\":\"https:\\\/\\\/www.diasen.com\\\/fr\\\/absorption-et-isolation-acoustique-quels-changements\\\/#breadcrumb\"},\"inLanguage\":\"fr-FR\",\"potentialAction\":[{\"@type\":\"ReadAction\",\"target\":[\"https:\\\/\\\/www.diasen.com\\\/fr\\\/absorption-et-isolation-acoustique-quels-changements\\\/\"]}]},{\"@type\":\"ImageObject\",\"inLanguage\":\"fr-FR\",\"@id\":\"https:\\\/\\\/www.diasen.com\\\/fr\\\/absorption-et-isolation-acoustique-quels-changements\\\/#primaryimage\",\"url\":\"https:\\\/\\\/www.diasen.com\\\/wp-content\\\/uploads\\\/2023\\\/06\\\/fonoassorbimento.jpg\",\"contentUrl\":\"https:\\\/\\\/www.diasen.com\\\/wp-content\\\/uploads\\\/2023\\\/06\\\/fonoassorbimento.jpg\",\"width\":1600,\"height\":1067,\"caption\":\"fonoassorbimento\"},{\"@type\":\"BreadcrumbList\",\"@id\":\"https:\\\/\\\/www.diasen.com\\\/fr\\\/absorption-et-isolation-acoustique-quels-changements\\\/#breadcrumb\",\"itemListElement\":[{\"@type\":\"ListItem\",\"position\":1,\"name\":\"Home\",\"item\":\"https:\\\/\\\/www.diasen.com\\\/\"},{\"@type\":\"ListItem\",\"position\":2,\"name\":\"Absorption et isolation acoustique : quels changements ?\"}]},{\"@type\":\"WebSite\",\"@id\":\"https:\\\/\\\/diasen.com\\\/#website\",\"url\":\"https:\\\/\\\/diasen.com\\\/\",\"name\":\"Diasen\",\"description\":\"\",\"publisher\":{\"@id\":\"https:\\\/\\\/diasen.com\\\/#organization\"},\"potentialAction\":[{\"@type\":\"SearchAction\",\"target\":{\"@type\":\"EntryPoint\",\"urlTemplate\":\"https:\\\/\\\/diasen.com\\\/?s={search_term_string}\"},\"query-input\":{\"@type\":\"PropertyValueSpecification\",\"valueRequired\":true,\"valueName\":\"search_term_string\"}}],\"inLanguage\":\"fr-FR\"},{\"@type\":\"Organization\",\"@id\":\"https:\\\/\\\/diasen.com\\\/#organization\",\"name\":\"Diasen\",\"url\":\"https:\\\/\\\/diasen.com\\\/\",\"logo\":{\"@type\":\"ImageObject\",\"inLanguage\":\"fr-FR\",\"@id\":\"https:\\\/\\\/diasen.com\\\/#\\\/schema\\\/logo\\\/image\\\/\",\"url\":\"https:\\\/\\\/www.diasen.com\\\/wp-content\\\/uploads\\\/2026\\\/04\\\/logo_diasen.png\",\"contentUrl\":\"https:\\\/\\\/www.diasen.com\\\/wp-content\\\/uploads\\\/2026\\\/04\\\/logo_diasen.png\",\"width\":300,\"height\":160,\"caption\":\"Diasen\"},\"image\":{\"@id\":\"https:\\\/\\\/diasen.com\\\/#\\\/schema\\\/logo\\\/image\\\/\"}},{\"@type\":\"Person\",\"@id\":\"https:\\\/\\\/diasen.com\\\/#\\\/schema\\\/person\\\/4ae59810b85e38a59f10ea65b42a9cab\",\"name\":\"Diasen\",\"image\":{\"@type\":\"ImageObject\",\"inLanguage\":\"fr-FR\",\"@id\":\"https:\\\/\\\/secure.gravatar.com\\\/avatar\\\/c712cde7b26e86dd5d498092f4924eebcd48ad89b60dde10fe91a16d78653e4e?s=96&d=mm&r=g\",\"url\":\"https:\\\/\\\/secure.gravatar.com\\\/avatar\\\/c712cde7b26e86dd5d498092f4924eebcd48ad89b60dde10fe91a16d78653e4e?s=96&d=mm&r=g\",\"contentUrl\":\"https:\\\/\\\/secure.gravatar.com\\\/avatar\\\/c712cde7b26e86dd5d498092f4924eebcd48ad89b60dde10fe91a16d78653e4e?s=96&d=mm&r=g\",\"caption\":\"Diasen\"},\"url\":\"https:\\\/\\\/www.diasen.com\\\/fr\\\/author\\\/diasen\\\/\"}]}<\/script>\n<!-- \/ Yoast SEO plugin. -->","yoast_head_json":{"title":"Absorption et isolation acoustique : quels changements ?","description":"Il s'agit de l'absorption et de l'isolation acoustique. Les non-initi\u00e9s pourraient confondre ces deux termes qui visent un m\u00eame objectif,","robots":{"index":"index","follow":"follow","max-snippet":"max-snippet:-1","max-image-preview":"max-image-preview:large","max-video-preview":"max-video-preview:-1"},"canonical":"https:\/\/www.diasen.com\/fr\/absorption-et-isolation-acoustique-quels-changements\/","og_locale":"fr_FR","og_type":"article","og_title":"Absorption et isolation acoustique : quels changements ?","og_description":"Il s'agit de l'absorption et de l'isolation acoustique. Les non-initi\u00e9s pourraient confondre ces deux termes qui visent un m\u00eame objectif,","og_url":"https:\/\/www.diasen.com\/fr\/absorption-et-isolation-acoustique-quels-changements\/","og_site_name":"Diasen","article_published_time":"2023-06-12T13:48:36+00:00","article_modified_time":"2023-08-03T07:56:28+00:00","og_image":[{"width":1600,"height":1067,"url":"https:\/\/www.diasen.com\/wp-content\/uploads\/2023\/06\/fonoassorbimento.jpg","type":"image\/jpeg"}],"author":"Diasen","twitter_card":"summary_large_image","twitter_misc":{"\u00c9crit par":"Diasen","Dur\u00e9e de lecture estim\u00e9e":"7 minutes"},"schema":{"@context":"https:\/\/schema.org","@graph":[{"@type":"Article","@id":"https:\/\/www.diasen.com\/fr\/absorption-et-isolation-acoustique-quels-changements\/#article","isPartOf":{"@id":"https:\/\/www.diasen.com\/fr\/absorption-et-isolation-acoustique-quels-changements\/"},"author":{"name":"Diasen","@id":"https:\/\/diasen.com\/#\/schema\/person\/4ae59810b85e38a59f10ea65b42a9cab"},"headline":"Absorption et isolation acoustique : quels changements ?","datePublished":"2023-06-12T13:48:36+00:00","dateModified":"2023-08-03T07:56:28+00:00","mainEntityOfPage":{"@id":"https:\/\/www.diasen.com\/fr\/absorption-et-isolation-acoustique-quels-changements\/"},"wordCount":1416,"commentCount":0,"publisher":{"@id":"https:\/\/diasen.com\/#organization"},"image":{"@id":"https:\/\/www.diasen.com\/fr\/absorption-et-isolation-acoustique-quels-changements\/#primaryimage"},"thumbnailUrl":"https:\/\/www.diasen.com\/wp-content\/uploads\/2023\/06\/fonoassorbimento.jpg","articleSection":["Isolamento acustico","Isolation phonique"],"inLanguage":"fr-FR"},{"@type":"WebPage","@id":"https:\/\/www.diasen.com\/fr\/absorption-et-isolation-acoustique-quels-changements\/","url":"https:\/\/www.diasen.com\/fr\/absorption-et-isolation-acoustique-quels-changements\/","name":"Absorption et isolation acoustique : quels changements ?","isPartOf":{"@id":"https:\/\/diasen.com\/#website"},"primaryImageOfPage":{"@id":"https:\/\/www.diasen.com\/fr\/absorption-et-isolation-acoustique-quels-changements\/#primaryimage"},"image":{"@id":"https:\/\/www.diasen.com\/fr\/absorption-et-isolation-acoustique-quels-changements\/#primaryimage"},"thumbnailUrl":"https:\/\/www.diasen.com\/wp-content\/uploads\/2023\/06\/fonoassorbimento.jpg","datePublished":"2023-06-12T13:48:36+00:00","dateModified":"2023-08-03T07:56:28+00:00","description":"Il s'agit de l'absorption et de l'isolation acoustique. Les non-initi\u00e9s pourraient confondre ces deux termes qui visent un m\u00eame objectif,","breadcrumb":{"@id":"https:\/\/www.diasen.com\/fr\/absorption-et-isolation-acoustique-quels-changements\/#breadcrumb"},"inLanguage":"fr-FR","potentialAction":[{"@type":"ReadAction","target":["https:\/\/www.diasen.com\/fr\/absorption-et-isolation-acoustique-quels-changements\/"]}]},{"@type":"ImageObject","inLanguage":"fr-FR","@id":"https:\/\/www.diasen.com\/fr\/absorption-et-isolation-acoustique-quels-changements\/#primaryimage","url":"https:\/\/www.diasen.com\/wp-content\/uploads\/2023\/06\/fonoassorbimento.jpg","contentUrl":"https:\/\/www.diasen.com\/wp-content\/uploads\/2023\/06\/fonoassorbimento.jpg","width":1600,"height":1067,"caption":"fonoassorbimento"},{"@type":"BreadcrumbList","@id":"https:\/\/www.diasen.com\/fr\/absorption-et-isolation-acoustique-quels-changements\/#breadcrumb","itemListElement":[{"@type":"ListItem","position":1,"name":"Home","item":"https:\/\/www.diasen.com\/"},{"@type":"ListItem","position":2,"name":"Absorption et isolation acoustique : quels changements ?"}]},{"@type":"WebSite","@id":"https:\/\/diasen.com\/#website","url":"https:\/\/diasen.com\/","name":"Diasen","description":"","publisher":{"@id":"https:\/\/diasen.com\/#organization"},"potentialAction":[{"@type":"SearchAction","target":{"@type":"EntryPoint","urlTemplate":"https:\/\/diasen.com\/?s={search_term_string}"},"query-input":{"@type":"PropertyValueSpecification","valueRequired":true,"valueName":"search_term_string"}}],"inLanguage":"fr-FR"},{"@type":"Organization","@id":"https:\/\/diasen.com\/#organization","name":"Diasen","url":"https:\/\/diasen.com\/","logo":{"@type":"ImageObject","inLanguage":"fr-FR","@id":"https:\/\/diasen.com\/#\/schema\/logo\/image\/","url":"https:\/\/www.diasen.com\/wp-content\/uploads\/2026\/04\/logo_diasen.png","contentUrl":"https:\/\/www.diasen.com\/wp-content\/uploads\/2026\/04\/logo_diasen.png","width":300,"height":160,"caption":"Diasen"},"image":{"@id":"https:\/\/diasen.com\/#\/schema\/logo\/image\/"}},{"@type":"Person","@id":"https:\/\/diasen.com\/#\/schema\/person\/4ae59810b85e38a59f10ea65b42a9cab","name":"Diasen","image":{"@type":"ImageObject","inLanguage":"fr-FR","@id":"https:\/\/secure.gravatar.com\/avatar\/c712cde7b26e86dd5d498092f4924eebcd48ad89b60dde10fe91a16d78653e4e?s=96&d=mm&r=g","url":"https:\/\/secure.gravatar.com\/avatar\/c712cde7b26e86dd5d498092f4924eebcd48ad89b60dde10fe91a16d78653e4e?s=96&d=mm&r=g","contentUrl":"https:\/\/secure.gravatar.com\/avatar\/c712cde7b26e86dd5d498092f4924eebcd48ad89b60dde10fe91a16d78653e4e?s=96&d=mm&r=g","caption":"Diasen"},"url":"https:\/\/www.diasen.com\/fr\/author\/diasen\/"}]}},"_links":{"self":[{"href":"https:\/\/www.diasen.com\/fr\/wp-json\/wp\/v2\/posts\/68424","targetHints":{"allow":["GET"]}}],"collection":[{"href":"https:\/\/www.diasen.com\/fr\/wp-json\/wp\/v2\/posts"}],"about":[{"href":"https:\/\/www.diasen.com\/fr\/wp-json\/wp\/v2\/types\/post"}],"author":[{"embeddable":true,"href":"https:\/\/www.diasen.com\/fr\/wp-json\/wp\/v2\/users\/15"}],"replies":[{"embeddable":true,"href":"https:\/\/www.diasen.com\/fr\/wp-json\/wp\/v2\/comments?post=68424"}],"version-history":[{"count":0,"href":"https:\/\/www.diasen.com\/fr\/wp-json\/wp\/v2\/posts\/68424\/revisions"}],"wp:featuredmedia":[{"embeddable":true,"href":"https:\/\/www.diasen.com\/fr\/wp-json\/wp\/v2\/media\/51854"}],"wp:attachment":[{"href":"https:\/\/www.diasen.com\/fr\/wp-json\/wp\/v2\/media?parent=68424"}],"wp:term":[{"taxonomy":"category","embeddable":true,"href":"https:\/\/www.diasen.com\/fr\/wp-json\/wp\/v2\/categories?post=68424"},{"taxonomy":"post_tag","embeddable":true,"href":"https:\/\/www.diasen.com\/fr\/wp-json\/wp\/v2\/tags?post=68424"}],"curies":[{"name":"wp","href":"https:\/\/api.w.org\/{rel}","templated":true}]}}