{"id":77543,"date":"2024-05-02T12:29:08","date_gmt":"2024-05-02T10:29:08","guid":{"rendered":"https:\/\/www.diasen.com\/continua-la-presenza-di-diasen-al-fiera-itinerante-architectwork-la-prossima-tappa-sara-a-madrid-l8-e-il-9-maggio\/"},"modified":"2024-05-02T12:33:01","modified_gmt":"2024-05-02T10:33:01","slug":"continua-la-presenza-di-diasen-al-fiera-itinerante-architectwork-la-prossima-tappa-sara-a-madrid-l8-e-il-9-maggio","status":"publish","type":"post","link":"https:\/\/www.diasen.com\/es\/continua-la-presenza-di-diasen-al-fiera-itinerante-architectwork-la-prossima-tappa-sara-a-madrid-l8-e-il-9-maggio\/","title":{"rendered":"Contin\u00faa la presencia de Diasen en la feria itinerante Architect@Work: la pr\u00f3xima parada se celebrar\u00e1 en Madrid los d\u00edas 8 y 9 de mayo"},"content":{"rendered":"\n<p>En Madrid presentaremos el <em><strong>Sistema Mediterr\u00e1neo del Confort<\/strong><\/em>, un innovador sistema constructivo que responde a los c\u00e1nones de la <strong>arquitectura <\/strong>y el <strong>dise\u00f1o biof\u00edlico<\/strong>.<\/p>\n\n\n\n<p>Un sistema compuesto por morteros y pinturas a base de corcho, cal y arcilla, que permiten un excelente aislamiento tanto en invierno como en verano, resistencia contra el fuego, protecci\u00f3n de la humedad y belleza decorativa.<\/p>\n\n\n\n<p><strong>Diasen estar\u00e1 en el stand 22 del pabell\u00f3n 4 en IFEMA, Madrid<\/strong>.<\/p>\n\n\n\n<p>\u00a1Te esperamos!<\/p>\n\n\n\n<figure class=\"wp-block-image size-large\"><img loading=\"lazy\" decoding=\"async\" width=\"1024\" height=\"140\" src=\"https:\/\/www.diasen.com\/wp-content\/uploads\/2024\/05\/photo_2024-05-02_12-03-29-1024x140.jpg\" alt=\"architecht-at-work-madrid-2024-banner\" class=\"wp-image-77534\" srcset=\"https:\/\/www.diasen.com\/wp-content\/uploads\/2024\/05\/photo_2024-05-02_12-03-29-1024x140.jpg 1024w, https:\/\/www.diasen.com\/wp-content\/uploads\/2024\/05\/photo_2024-05-02_12-03-29-300x41.jpg 300w, https:\/\/www.diasen.com\/wp-content\/uploads\/2024\/05\/photo_2024-05-02_12-03-29-768x105.jpg 768w, https:\/\/www.diasen.com\/wp-content\/uploads\/2024\/05\/photo_2024-05-02_12-03-29-600x82.jpg 600w, https:\/\/www.diasen.com\/wp-content\/uploads\/2024\/05\/photo_2024-05-02_12-03-29.jpg 1170w\" sizes=\"auto, (max-width: 1024px) 100vw, 1024px\" \/><\/figure>\n","protected":false},"excerpt":{"rendered":"<p>En Madrid presentaremos el Sistema Mediterr\u00e1neo del Confort, un innovador sistema constructivo que responde a los c\u00e1nones de la arquitectura y el dise\u00f1o biof\u00edlico. Un sistema compuesto por morteros y&#8230;<\/p>\n","protected":false},"author":15,"featured_media":77529,"comment_status":"open","ping_status":"open","sticky":false,"template":"","format":"standard","meta":{"_acf_changed":false,"content-type":"","inline_featured_image":false,"_price":"","_stock":"","_tribe_ticket_header":"","_tribe_default_ticket_provider":"","_tribe_ticket_capacity":"","_ticket_start_date":"","_ticket_end_date":"","_tribe_ticket_show_description":"","_tribe_ticket_show_not_going":false,"_tribe_ticket_use_global_stock":"","_tribe_ticket_global_stock_level":"","_global_stock_mode":"","_global_stock_cap":"","_tribe_rsvp_for_event":"","_tribe_ticket_going_count":"","_tribe_ticket_not_going_count":"","_tribe_tickets_list":"[]","_tribe_ticket_has_attendee_info_fields":false,"footnotes":""},"categories":[600],"tags":[],"class_list":["post-77543","post","type-post","status-publish","format-standard","has-post-thumbnail","category-newsroom-pt-pt-es"],"acf":[],"yoast_head":"<!-- This site is optimized with the Yoast SEO plugin v27.4 - https:\/\/yoast.com\/product\/yoast-seo-wordpress\/ -->\n<title>Contin\u00faa la presencia de Diasen en la feria itinerante Architect@Work: la pr\u00f3xima parada se celebrar\u00e1 en Madrid los d\u00edas 8 y 9 de mayo - Diasen<\/title>\n<meta name=\"description\" content=\"Contin\u00faa la presencia de Diasen en la feria itinerante Architect@Work: la pr\u00f3xima parada se celebrar\u00e1 en Madrid los d\u00edas 8 y 9 de mayo 2024.\" \/>\n<meta name=\"robots\" content=\"index, follow, max-snippet:-1, max-image-preview:large, max-video-preview:-1\" \/>\n<link rel=\"canonical\" href=\"https:\/\/www.diasen.com\/es\/continua-la-presenza-di-diasen-al-fiera-itinerante-architectwork-la-prossima-tappa-sara-a-madrid-l8-e-il-9-maggio\/\" \/>\n<meta property=\"og:locale\" content=\"es_ES\" \/>\n<meta property=\"og:type\" content=\"article\" \/>\n<meta property=\"og:title\" content=\"Contin\u00faa la presencia de Diasen en la feria itinerante Architect@Work: la pr\u00f3xima parada se celebrar\u00e1 en Madrid los d\u00edas 8 y 9 de mayo - Diasen\" \/>\n<meta property=\"og:description\" content=\"Contin\u00faa la presencia de Diasen en la feria itinerante Architect@Work: la pr\u00f3xima parada se celebrar\u00e1 en Madrid los d\u00edas 8 y 9 de mayo 2024.\" \/>\n<meta property=\"og:url\" content=\"https:\/\/www.diasen.com\/es\/continua-la-presenza-di-diasen-al-fiera-itinerante-architectwork-la-prossima-tappa-sara-a-madrid-l8-e-il-9-maggio\/\" \/>\n<meta property=\"og:site_name\" content=\"Diasen\" \/>\n<meta property=\"article:published_time\" content=\"2024-05-02T10:29:08+00:00\" \/>\n<meta property=\"article:modified_time\" content=\"2024-05-02T10:33:01+00:00\" \/>\n<meta property=\"og:image\" content=\"https:\/\/www.diasen.com\/wp-content\/uploads\/2024\/05\/photo_2024-05-02_12-02-33.jpg\" \/>\n\t<meta property=\"og:image:width\" content=\"2560\" \/>\n\t<meta property=\"og:image:height\" content=\"1629\" \/>\n\t<meta property=\"og:image:type\" content=\"image\/jpeg\" \/>\n<meta name=\"author\" content=\"Diasen\" \/>\n<meta name=\"twitter:card\" content=\"summary_large_image\" \/>\n<meta name=\"twitter:label1\" content=\"Escrito por\" \/>\n\t<meta name=\"twitter:data1\" content=\"Diasen\" \/>\n\t<meta name=\"twitter:label2\" content=\"Tiempo de lectura\" \/>\n\t<meta name=\"twitter:data2\" content=\"1 minuto\" \/>\n<script type=\"application\/ld+json\" class=\"yoast-schema-graph\">{\"@context\":\"https:\\\/\\\/schema.org\",\"@graph\":[{\"@type\":\"Article\",\"@id\":\"https:\\\/\\\/www.diasen.com\\\/es\\\/continua-la-presenza-di-diasen-al-fiera-itinerante-architectwork-la-prossima-tappa-sara-a-madrid-l8-e-il-9-maggio\\\/#article\",\"isPartOf\":{\"@id\":\"https:\\\/\\\/www.diasen.com\\\/es\\\/continua-la-presenza-di-diasen-al-fiera-itinerante-architectwork-la-prossima-tappa-sara-a-madrid-l8-e-il-9-maggio\\\/\"},\"author\":{\"name\":\"Diasen\",\"@id\":\"https:\\\/\\\/diasen.com\\\/#\\\/schema\\\/person\\\/4ae59810b85e38a59f10ea65b42a9cab\"},\"headline\":\"Contin\u00faa la presencia de Diasen en la feria itinerante Architect@Work: la pr\u00f3xima parada se celebrar\u00e1 en Madrid los d\u00edas 8 y 9 de mayo\",\"datePublished\":\"2024-05-02T10:29:08+00:00\",\"dateModified\":\"2024-05-02T10:33:01+00:00\",\"mainEntityOfPage\":{\"@id\":\"https:\\\/\\\/www.diasen.com\\\/es\\\/continua-la-presenza-di-diasen-al-fiera-itinerante-architectwork-la-prossima-tappa-sara-a-madrid-l8-e-il-9-maggio\\\/\"},\"wordCount\":104,\"commentCount\":0,\"publisher\":{\"@id\":\"https:\\\/\\\/diasen.com\\\/#organization\"},\"image\":{\"@id\":\"https:\\\/\\\/www.diasen.com\\\/es\\\/continua-la-presenza-di-diasen-al-fiera-itinerante-architectwork-la-prossima-tappa-sara-a-madrid-l8-e-il-9-maggio\\\/#primaryimage\"},\"thumbnailUrl\":\"https:\\\/\\\/www.diasen.com\\\/wp-content\\\/uploads\\\/2024\\\/05\\\/photo_2024-05-02_12-02-33.jpg\",\"articleSection\":[\"Newsroom\"],\"inLanguage\":\"es\"},{\"@type\":\"WebPage\",\"@id\":\"https:\\\/\\\/www.diasen.com\\\/es\\\/continua-la-presenza-di-diasen-al-fiera-itinerante-architectwork-la-prossima-tappa-sara-a-madrid-l8-e-il-9-maggio\\\/\",\"url\":\"https:\\\/\\\/www.diasen.com\\\/es\\\/continua-la-presenza-di-diasen-al-fiera-itinerante-architectwork-la-prossima-tappa-sara-a-madrid-l8-e-il-9-maggio\\\/\",\"name\":\"Contin\u00faa la presencia de Diasen en la feria itinerante Architect@Work: la pr\u00f3xima parada se celebrar\u00e1 en Madrid los d\u00edas 8 y 9 de mayo - Diasen\",\"isPartOf\":{\"@id\":\"https:\\\/\\\/diasen.com\\\/#website\"},\"primaryImageOfPage\":{\"@id\":\"https:\\\/\\\/www.diasen.com\\\/es\\\/continua-la-presenza-di-diasen-al-fiera-itinerante-architectwork-la-prossima-tappa-sara-a-madrid-l8-e-il-9-maggio\\\/#primaryimage\"},\"image\":{\"@id\":\"https:\\\/\\\/www.diasen.com\\\/es\\\/continua-la-presenza-di-diasen-al-fiera-itinerante-architectwork-la-prossima-tappa-sara-a-madrid-l8-e-il-9-maggio\\\/#primaryimage\"},\"thumbnailUrl\":\"https:\\\/\\\/www.diasen.com\\\/wp-content\\\/uploads\\\/2024\\\/05\\\/photo_2024-05-02_12-02-33.jpg\",\"datePublished\":\"2024-05-02T10:29:08+00:00\",\"dateModified\":\"2024-05-02T10:33:01+00:00\",\"description\":\"Contin\u00faa la presencia de Diasen en la feria itinerante Architect@Work: la pr\u00f3xima parada se celebrar\u00e1 en Madrid los d\u00edas 8 y 9 de mayo 2024.\",\"breadcrumb\":{\"@id\":\"https:\\\/\\\/www.diasen.com\\\/es\\\/continua-la-presenza-di-diasen-al-fiera-itinerante-architectwork-la-prossima-tappa-sara-a-madrid-l8-e-il-9-maggio\\\/#breadcrumb\"},\"inLanguage\":\"es\",\"potentialAction\":[{\"@type\":\"ReadAction\",\"target\":[\"https:\\\/\\\/www.diasen.com\\\/es\\\/continua-la-presenza-di-diasen-al-fiera-itinerante-architectwork-la-prossima-tappa-sara-a-madrid-l8-e-il-9-maggio\\\/\"]}]},{\"@type\":\"ImageObject\",\"inLanguage\":\"es\",\"@id\":\"https:\\\/\\\/www.diasen.com\\\/es\\\/continua-la-presenza-di-diasen-al-fiera-itinerante-architectwork-la-prossima-tappa-sara-a-madrid-l8-e-il-9-maggio\\\/#primaryimage\",\"url\":\"https:\\\/\\\/www.diasen.com\\\/wp-content\\\/uploads\\\/2024\\\/05\\\/photo_2024-05-02_12-02-33.jpg\",\"contentUrl\":\"https:\\\/\\\/www.diasen.com\\\/wp-content\\\/uploads\\\/2024\\\/05\\\/photo_2024-05-02_12-02-33.jpg\",\"width\":2560,\"height\":1629,\"caption\":\"architecht-at-work-madrid-2024\"},{\"@type\":\"BreadcrumbList\",\"@id\":\"https:\\\/\\\/www.diasen.com\\\/es\\\/continua-la-presenza-di-diasen-al-fiera-itinerante-architectwork-la-prossima-tappa-sara-a-madrid-l8-e-il-9-maggio\\\/#breadcrumb\",\"itemListElement\":[{\"@type\":\"ListItem\",\"position\":1,\"name\":\"Home\",\"item\":\"https:\\\/\\\/www.diasen.com\\\/es\\\/\"},{\"@type\":\"ListItem\",\"position\":2,\"name\":\"Contin\u00faa la presencia de Diasen en la feria itinerante Architect@Work: la pr\u00f3xima parada se celebrar\u00e1 en Madrid los d\u00edas 8 y 9 de mayo\"}]},{\"@type\":\"WebSite\",\"@id\":\"https:\\\/\\\/diasen.com\\\/#website\",\"url\":\"https:\\\/\\\/diasen.com\\\/\",\"name\":\"Diasen\",\"description\":\"\",\"publisher\":{\"@id\":\"https:\\\/\\\/diasen.com\\\/#organization\"},\"potentialAction\":[{\"@type\":\"SearchAction\",\"target\":{\"@type\":\"EntryPoint\",\"urlTemplate\":\"https:\\\/\\\/diasen.com\\\/?s={search_term_string}\"},\"query-input\":{\"@type\":\"PropertyValueSpecification\",\"valueRequired\":true,\"valueName\":\"search_term_string\"}}],\"inLanguage\":\"es\"},{\"@type\":\"Organization\",\"@id\":\"https:\\\/\\\/diasen.com\\\/#organization\",\"name\":\"Diasen\",\"url\":\"https:\\\/\\\/diasen.com\\\/\",\"logo\":{\"@type\":\"ImageObject\",\"inLanguage\":\"es\",\"@id\":\"https:\\\/\\\/diasen.com\\\/#\\\/schema\\\/logo\\\/image\\\/\",\"url\":\"https:\\\/\\\/www.diasen.com\\\/wp-content\\\/uploads\\\/2026\\\/04\\\/logo_diasen.png\",\"contentUrl\":\"https:\\\/\\\/www.diasen.com\\\/wp-content\\\/uploads\\\/2026\\\/04\\\/logo_diasen.png\",\"width\":300,\"height\":160,\"caption\":\"Diasen\"},\"image\":{\"@id\":\"https:\\\/\\\/diasen.com\\\/#\\\/schema\\\/logo\\\/image\\\/\"}},{\"@type\":\"Person\",\"@id\":\"https:\\\/\\\/diasen.com\\\/#\\\/schema\\\/person\\\/4ae59810b85e38a59f10ea65b42a9cab\",\"name\":\"Diasen\",\"image\":{\"@type\":\"ImageObject\",\"inLanguage\":\"es\",\"@id\":\"https:\\\/\\\/secure.gravatar.com\\\/avatar\\\/c712cde7b26e86dd5d498092f4924eebcd48ad89b60dde10fe91a16d78653e4e?s=96&d=mm&r=g\",\"url\":\"https:\\\/\\\/secure.gravatar.com\\\/avatar\\\/c712cde7b26e86dd5d498092f4924eebcd48ad89b60dde10fe91a16d78653e4e?s=96&d=mm&r=g\",\"contentUrl\":\"https:\\\/\\\/secure.gravatar.com\\\/avatar\\\/c712cde7b26e86dd5d498092f4924eebcd48ad89b60dde10fe91a16d78653e4e?s=96&d=mm&r=g\",\"caption\":\"Diasen\"},\"url\":\"https:\\\/\\\/www.diasen.com\\\/es\\\/author\\\/diasen\\\/\"}]}<\/script>\n<!-- \/ Yoast SEO plugin. -->","yoast_head_json":{"title":"Contin\u00faa la presencia de Diasen en la feria itinerante Architect@Work: la pr\u00f3xima parada se celebrar\u00e1 en Madrid los d\u00edas 8 y 9 de mayo - Diasen","description":"Contin\u00faa la presencia de Diasen en la feria itinerante Architect@Work: la pr\u00f3xima parada se celebrar\u00e1 en Madrid los d\u00edas 8 y 9 de mayo 2024.","robots":{"index":"index","follow":"follow","max-snippet":"max-snippet:-1","max-image-preview":"max-image-preview:large","max-video-preview":"max-video-preview:-1"},"canonical":"https:\/\/www.diasen.com\/es\/continua-la-presenza-di-diasen-al-fiera-itinerante-architectwork-la-prossima-tappa-sara-a-madrid-l8-e-il-9-maggio\/","og_locale":"es_ES","og_type":"article","og_title":"Contin\u00faa la presencia de Diasen en la feria itinerante Architect@Work: la pr\u00f3xima parada se celebrar\u00e1 en Madrid los d\u00edas 8 y 9 de mayo - Diasen","og_description":"Contin\u00faa la presencia de Diasen en la feria itinerante Architect@Work: la pr\u00f3xima parada se celebrar\u00e1 en Madrid los d\u00edas 8 y 9 de mayo 2024.","og_url":"https:\/\/www.diasen.com\/es\/continua-la-presenza-di-diasen-al-fiera-itinerante-architectwork-la-prossima-tappa-sara-a-madrid-l8-e-il-9-maggio\/","og_site_name":"Diasen","article_published_time":"2024-05-02T10:29:08+00:00","article_modified_time":"2024-05-02T10:33:01+00:00","og_image":[{"width":2560,"height":1629,"url":"https:\/\/www.diasen.com\/wp-content\/uploads\/2024\/05\/photo_2024-05-02_12-02-33.jpg","type":"image\/jpeg"}],"author":"Diasen","twitter_card":"summary_large_image","twitter_misc":{"Escrito por":"Diasen","Tiempo de lectura":"1 minuto"},"schema":{"@context":"https:\/\/schema.org","@graph":[{"@type":"Article","@id":"https:\/\/www.diasen.com\/es\/continua-la-presenza-di-diasen-al-fiera-itinerante-architectwork-la-prossima-tappa-sara-a-madrid-l8-e-il-9-maggio\/#article","isPartOf":{"@id":"https:\/\/www.diasen.com\/es\/continua-la-presenza-di-diasen-al-fiera-itinerante-architectwork-la-prossima-tappa-sara-a-madrid-l8-e-il-9-maggio\/"},"author":{"name":"Diasen","@id":"https:\/\/diasen.com\/#\/schema\/person\/4ae59810b85e38a59f10ea65b42a9cab"},"headline":"Contin\u00faa la presencia de Diasen en la feria itinerante Architect@Work: la pr\u00f3xima parada se celebrar\u00e1 en Madrid los d\u00edas 8 y 9 de mayo","datePublished":"2024-05-02T10:29:08+00:00","dateModified":"2024-05-02T10:33:01+00:00","mainEntityOfPage":{"@id":"https:\/\/www.diasen.com\/es\/continua-la-presenza-di-diasen-al-fiera-itinerante-architectwork-la-prossima-tappa-sara-a-madrid-l8-e-il-9-maggio\/"},"wordCount":104,"commentCount":0,"publisher":{"@id":"https:\/\/diasen.com\/#organization"},"image":{"@id":"https:\/\/www.diasen.com\/es\/continua-la-presenza-di-diasen-al-fiera-itinerante-architectwork-la-prossima-tappa-sara-a-madrid-l8-e-il-9-maggio\/#primaryimage"},"thumbnailUrl":"https:\/\/www.diasen.com\/wp-content\/uploads\/2024\/05\/photo_2024-05-02_12-02-33.jpg","articleSection":["Newsroom"],"inLanguage":"es"},{"@type":"WebPage","@id":"https:\/\/www.diasen.com\/es\/continua-la-presenza-di-diasen-al-fiera-itinerante-architectwork-la-prossima-tappa-sara-a-madrid-l8-e-il-9-maggio\/","url":"https:\/\/www.diasen.com\/es\/continua-la-presenza-di-diasen-al-fiera-itinerante-architectwork-la-prossima-tappa-sara-a-madrid-l8-e-il-9-maggio\/","name":"Contin\u00faa la presencia de Diasen en la feria itinerante Architect@Work: la pr\u00f3xima parada se celebrar\u00e1 en Madrid los d\u00edas 8 y 9 de mayo - Diasen","isPartOf":{"@id":"https:\/\/diasen.com\/#website"},"primaryImageOfPage":{"@id":"https:\/\/www.diasen.com\/es\/continua-la-presenza-di-diasen-al-fiera-itinerante-architectwork-la-prossima-tappa-sara-a-madrid-l8-e-il-9-maggio\/#primaryimage"},"image":{"@id":"https:\/\/www.diasen.com\/es\/continua-la-presenza-di-diasen-al-fiera-itinerante-architectwork-la-prossima-tappa-sara-a-madrid-l8-e-il-9-maggio\/#primaryimage"},"thumbnailUrl":"https:\/\/www.diasen.com\/wp-content\/uploads\/2024\/05\/photo_2024-05-02_12-02-33.jpg","datePublished":"2024-05-02T10:29:08+00:00","dateModified":"2024-05-02T10:33:01+00:00","description":"Contin\u00faa la presencia de Diasen en la feria itinerante Architect@Work: la pr\u00f3xima parada se celebrar\u00e1 en Madrid los d\u00edas 8 y 9 de mayo 2024.","breadcrumb":{"@id":"https:\/\/www.diasen.com\/es\/continua-la-presenza-di-diasen-al-fiera-itinerante-architectwork-la-prossima-tappa-sara-a-madrid-l8-e-il-9-maggio\/#breadcrumb"},"inLanguage":"es","potentialAction":[{"@type":"ReadAction","target":["https:\/\/www.diasen.com\/es\/continua-la-presenza-di-diasen-al-fiera-itinerante-architectwork-la-prossima-tappa-sara-a-madrid-l8-e-il-9-maggio\/"]}]},{"@type":"ImageObject","inLanguage":"es","@id":"https:\/\/www.diasen.com\/es\/continua-la-presenza-di-diasen-al-fiera-itinerante-architectwork-la-prossima-tappa-sara-a-madrid-l8-e-il-9-maggio\/#primaryimage","url":"https:\/\/www.diasen.com\/wp-content\/uploads\/2024\/05\/photo_2024-05-02_12-02-33.jpg","contentUrl":"https:\/\/www.diasen.com\/wp-content\/uploads\/2024\/05\/photo_2024-05-02_12-02-33.jpg","width":2560,"height":1629,"caption":"architecht-at-work-madrid-2024"},{"@type":"BreadcrumbList","@id":"https:\/\/www.diasen.com\/es\/continua-la-presenza-di-diasen-al-fiera-itinerante-architectwork-la-prossima-tappa-sara-a-madrid-l8-e-il-9-maggio\/#breadcrumb","itemListElement":[{"@type":"ListItem","position":1,"name":"Home","item":"https:\/\/www.diasen.com\/es\/"},{"@type":"ListItem","position":2,"name":"Contin\u00faa la presencia de Diasen en la feria itinerante Architect@Work: la pr\u00f3xima parada se celebrar\u00e1 en Madrid los d\u00edas 8 y 9 de mayo"}]},{"@type":"WebSite","@id":"https:\/\/diasen.com\/#website","url":"https:\/\/diasen.com\/","name":"Diasen","description":"","publisher":{"@id":"https:\/\/diasen.com\/#organization"},"potentialAction":[{"@type":"SearchAction","target":{"@type":"EntryPoint","urlTemplate":"https:\/\/diasen.com\/?s={search_term_string}"},"query-input":{"@type":"PropertyValueSpecification","valueRequired":true,"valueName":"search_term_string"}}],"inLanguage":"es"},{"@type":"Organization","@id":"https:\/\/diasen.com\/#organization","name":"Diasen","url":"https:\/\/diasen.com\/","logo":{"@type":"ImageObject","inLanguage":"es","@id":"https:\/\/diasen.com\/#\/schema\/logo\/image\/","url":"https:\/\/www.diasen.com\/wp-content\/uploads\/2026\/04\/logo_diasen.png","contentUrl":"https:\/\/www.diasen.com\/wp-content\/uploads\/2026\/04\/logo_diasen.png","width":300,"height":160,"caption":"Diasen"},"image":{"@id":"https:\/\/diasen.com\/#\/schema\/logo\/image\/"}},{"@type":"Person","@id":"https:\/\/diasen.com\/#\/schema\/person\/4ae59810b85e38a59f10ea65b42a9cab","name":"Diasen","image":{"@type":"ImageObject","inLanguage":"es","@id":"https:\/\/secure.gravatar.com\/avatar\/c712cde7b26e86dd5d498092f4924eebcd48ad89b60dde10fe91a16d78653e4e?s=96&d=mm&r=g","url":"https:\/\/secure.gravatar.com\/avatar\/c712cde7b26e86dd5d498092f4924eebcd48ad89b60dde10fe91a16d78653e4e?s=96&d=mm&r=g","contentUrl":"https:\/\/secure.gravatar.com\/avatar\/c712cde7b26e86dd5d498092f4924eebcd48ad89b60dde10fe91a16d78653e4e?s=96&d=mm&r=g","caption":"Diasen"},"url":"https:\/\/www.diasen.com\/es\/author\/diasen\/"}]}},"_links":{"self":[{"href":"https:\/\/www.diasen.com\/es\/wp-json\/wp\/v2\/posts\/77543","targetHints":{"allow":["GET"]}}],"collection":[{"href":"https:\/\/www.diasen.com\/es\/wp-json\/wp\/v2\/posts"}],"about":[{"href":"https:\/\/www.diasen.com\/es\/wp-json\/wp\/v2\/types\/post"}],"author":[{"embeddable":true,"href":"https:\/\/www.diasen.com\/es\/wp-json\/wp\/v2\/users\/15"}],"replies":[{"embeddable":true,"href":"https:\/\/www.diasen.com\/es\/wp-json\/wp\/v2\/comments?post=77543"}],"version-history":[{"count":0,"href":"https:\/\/www.diasen.com\/es\/wp-json\/wp\/v2\/posts\/77543\/revisions"}],"wp:featuredmedia":[{"embeddable":true,"href":"https:\/\/www.diasen.com\/es\/wp-json\/wp\/v2\/media\/77529"}],"wp:attachment":[{"href":"https:\/\/www.diasen.com\/es\/wp-json\/wp\/v2\/media?parent=77543"}],"wp:term":[{"taxonomy":"category","embeddable":true,"href":"https:\/\/www.diasen.com\/es\/wp-json\/wp\/v2\/categories?post=77543"},{"taxonomy":"post_tag","embeddable":true,"href":"https:\/\/www.diasen.com\/es\/wp-json\/wp\/v2\/tags?post=77543"}],"curies":[{"name":"wp","href":"https:\/\/api.w.org\/{rel}","templated":true}]}}