{"id":68198,"date":"2023-06-12T15:48:36","date_gmt":"2023-06-12T13:48:36","guid":{"rendered":"https:\/\/www.diasen.com\/fonoassorbimento-e-isolamento-acustico-cosa-cambia\/"},"modified":"2023-07-28T15:19:37","modified_gmt":"2023-07-28T13:19:37","slug":"absorcion-acustica-y-aislamiento-diferencia","status":"publish","type":"post","link":"https:\/\/www.diasen.com\/es\/absorcion-acustica-y-aislamiento-diferencia\/","title":{"rendered":"Absorci\u00f3n ac\u00fastica y aislamiento ac\u00fastico: \u00bfcu\u00e1l es la diferencia?"},"content":{"rendered":"\r\n<p>En el ajetreo de la vida moderna, el silencio se ha convertido en un lujo precioso y escaso. Nos encontramos inmersos en un barullo constante, en una armon\u00eda de ruidos que invade nuestros sentidos y nos aleja de nuestra paz interior. Pero, \u00bfqu\u00e9 ocurre cuando se logra recrear el silencio en nuestro entorno, cuando buscamos la quietud interior y la armon\u00eda sonora en los espacios que nos rodean?<\/p>\r\n<p>A menudo mencionamos en nuestro blog dos conceptos fundamentales para garantizar el bienestar y la comodidad en los espacios interiores: se trata de la <strong>absorci\u00f3n ac\u00fastica y el aislamiento ac\u00fastico<\/strong>. Estos t\u00e9rminos podr\u00edan confundirse, pero se refieren a t\u00e9cnicas que difieren bastante, aun que persiguen un mismo objetivo: el bienestar ac\u00fastico de hogares y oficinas.<\/p>\r\n<p>En este art\u00edculo, nos adentraremos en el mundo de la absorci\u00f3n ac\u00fastica y el <a href=\"https:\/\/www.diasen.com\/es\/aislamiento-acustico-el-confort-del-corcho\/\"><strong>aislamiento ac\u00fastico<\/strong><\/a>, explorando sus matices y su importancia a la hora de crear entornos que proporcionen tranquilidad y confort.<\/p>\r\n<p>&nbsp;<\/p>\r\n<h2><strong>Qu\u00e9 es la absorci\u00f3n ac\u00fastica<\/strong><\/h2>\r\n<p>La <a href=\"https:\/\/www.diasen.com\/es\/absorcion-acustica\/\"><strong>absorci\u00f3n ac\u00fastica<\/strong> <\/a>puede definirse como el arte de abrazar el sonido, capturarlo y hacerlo suave y c\u00e1lido. Es la capacidad de un material o superficie para absorber las ondas sonoras.<\/p>\r\n<p>Este concepto aparentemente sencillo encierra una gran complejidad. La absorci\u00f3n ac\u00fastica requiere un profundo conocimiento del sonido y sus caracter\u00edsticas, as\u00ed como maestr\u00eda en el arte de seleccionar y utilizar los materiales adecuados.<\/p>\r\n<p>Cuando una habitaci\u00f3n est\u00e1 equipada con <strong>materiales fonoabsorbentes<\/strong>, el sonido adquiere una nueva dimensi\u00f3n. Las ondas sonoras encuentran un ancla de estabilidad y se transforman en un flujo arm\u00f3nico, una experiencia sensorial envolvente. Las voces se propagan con naturalidad, los ruidos se aten\u00faan y se crea un espacio en el que uno puede sentirse a gusto.<\/p>\r\n<p>&nbsp;<\/p>\r\n<h2>El tiempo de reverberaci\u00f3n, concepto fundamental de la absorci\u00f3n ac\u00fastica<\/h2>\r\n<p>La absorci\u00f3n de las ondas sonoras en una sala por un material fonoabsorbente provoca una reducci\u00f3n del <strong>tiempo de reverberaci\u00f3n<\/strong>. Ya hemos mencionado este concepto en nuestro blog, pero vamos a retomarlo, porque es fundamental para entender c\u00f3mo hacer una habitaci\u00f3n m\u00e1s confortable en t\u00e9rminos de sonido.<\/p>\r\n<p>El <u>tiempo de reverberaci\u00f3n<\/u> representa el tiempo que tarda el sonido en disminuir 60 dB despu\u00e9s de que la fuente sonora haya cesado. En otras palabras, representa el <strong>tiempo que tarda el sonido en disminuir de intensidad dentro de una habitaci\u00f3n<\/strong>.<\/p>\r\n<p>La f\u00f3rmula est\u00e1ndar para calcular el tiempo de reverberaci\u00f3n de una sala viene dada por la f\u00f3rmula de Sabine:<\/p>\r\n<p>T = (0,161 x V) \/ A<\/p>\r\n<p>donde T es el tiempo de reverberaci\u00f3n en segundos, V es el volumen de la sala en metros c\u00fabicos y A es el \u00e1rea total de las superficies absorbentes de sonido de la sala en metros cuadrados.<\/p>\r\n<p>Se trata de un par\u00e1metro importante porque, si es demasiado largo, puede provocar una reverberaci\u00f3n excesiva que dificulte la comprensi\u00f3n del habla, cree un ambiente ruidoso o haga inc\u00f3modo realizar determinadas actividades. Por el contrario, un tiempo de reverberaci\u00f3n demasiado corto puede dar lugar a un entorno demasiado seco o carente de las resonancias deseadas, lo que puede resultar ac\u00fasticamente desagradable.<\/p>\r\n<p>Utilizando los materiales fonoabsorbentes adecuados, <strong>el tiempo de reverberaci\u00f3n puede ajustarse para conseguir un entorno ac\u00fasticamente equilibrado y confortable<\/strong>.<\/p>\r\n<p>&nbsp;<\/p>\r\n<h2>Aislamiento ac\u00fastico: qu\u00e9 significa<\/h2>\r\n<p>La otra cara de la moneda es el <strong>aislamiento ac\u00fastico<\/strong>.<\/p>\r\n<p>Este concepto se refiere al <strong>conjunto de t\u00e9cnicas y materiales destinados a reducir o limitar la transmisi\u00f3n del sonido de una habitaci\u00f3n a otra<\/strong>. Es el arte de crear una barrera protectora que impida que el ruido invada un espacio, preservando as\u00ed la tranquilidad y el bienestar de las personas que viven en \u00e9l.<\/p>\r\n<p>El concepto de aislamiento ac\u00fastico se basa en principios f\u00edsicos y de ingenier\u00eda, utilizando materiales especiales y t\u00e9cnicas de construcci\u00f3n espec\u00edficas para minimizar la propagaci\u00f3n del sonido a trav\u00e9s de paredes, suelos, techos y otras superficies. Es un proceso que requiere un an\u00e1lisis en profundidad de las caracter\u00edsticas del sonido y de c\u00f3mo se transmite, con el fin de seleccionar y aplicar las soluciones m\u00e1s eficaces.<\/p>\r\n<p>Entonces, \u00bf<strong>cu\u00e1l es la diferencia entre aislamiento ac\u00fastico y absorci\u00f3n ac\u00fastica?<\/strong> Principalmente los objetivos.<\/p>\r\n<p>El objetivo del aislamiento ac\u00fastico es crear un espacio protegido en el que el ruido exterior se aten\u00fae o se elimine por completo, permitiendo a las personas disfrutar de un entorno tranquilo y confortable. En cambio, la absorci\u00f3n ac\u00fastica pretende reducir o controlar el eco y la reverberaci\u00f3n del sonido dentro de una habitaci\u00f3n, creando un entorno ac\u00fasticamente confortable y optimizado para la comunicaci\u00f3n y la escucha.<\/p>\r\n<p>&nbsp;<\/p>\r\n<h2>\u00bfSe usan los mismos materiales para el aislamiento ac\u00fastico y la absorci\u00f3n ac\u00fastica?<\/h2>\r\n<p>Debido a las diferencias en los objetivos que tienen la absorci\u00f3n ac\u00fastica y el aislamiento, los materiales tambi\u00e9n cambian considerablemente.<\/p>\r\n<p>Los materiales utilizados para el aislamiento ac\u00fastico est\u00e1n dise\u00f1ados para reducir la transmisi\u00f3n del sonido a trav\u00e9s de las paredes, suelos y techos de una habitaci\u00f3n. El objetivo principal del aislamiento ac\u00fastico es limitar la propagaci\u00f3n del sonido de una habitaci\u00f3n a otra, por lo que los materiales que logran este objetivo tienen una <strong>estructura gruesa y densa<\/strong>.<\/p>\r\n<p>Entre ellos, los m\u00e1s utilizados son la lana de roca, que consiste en fibras finas obtenidas fundiendo rocas volc\u00e1nicas o bas\u00e1lticas a temperaturas muy elevadas; la espuma ac\u00fastica, un material ligero y poroso que se emplea para aislar el sonido en entornos como estudios de grabaci\u00f3n, salas de ensayo y teatros; y la fibra de madera, otra opci\u00f3n habitual para mejorar el aislamiento ac\u00fastico de las habitaciones.<\/p>\r\n<p>Por otro lado, los materiales fonoabsorbentes est\u00e1n dise\u00f1ados para reducir el eco y la reverberaci\u00f3n dentro de una sala. Estos materiales son capaces de absorber parte del sonido incidente, gracias a su porosidad y a una <strong>estructura celular que retiene el sonido y no permite que &#8220;rebote&#8221; dentro de la sala.<\/strong><\/p>\r\n<p>Entre los m\u00e1s utilizados se encuentran la espuma de poliuretano, un material vers\u00e1til que puede emplearse en diversas aplicaciones, como salas de conferencias, restaurantes, estudios de grabaci\u00f3n y entornos dom\u00e9sticos, al igual que nuestro eficiente <a href=\"https:\/\/www.diasen.com\/es\/corcho-aislante\/\"><strong>corcho<\/strong><\/a> de alto rendimiento.<\/p>\r\n<p>&nbsp;<\/p>\r\n<h2>Conclusiones<\/h2>\r\n<p>Comprender las diferencias entre aislamiento ac\u00fastico y absorci\u00f3n ac\u00fastica tiene una importancia fundamental para el dise\u00f1o y la realizaci\u00f3n de entornos ac\u00fasticamente \u00f3ptimos.<\/p>\r\n<p>As\u00ed lo demuestra la intervenci\u00f3n de aislamiento ac\u00fastico y tambi\u00e9n de absorci\u00f3n ac\u00fastica de Diasen en el <u><a href=\"https:\/\/www.diasen.com\/es\/portfolio\/aislamiento-acustico-campo-das-cebolas\/\"><strong>aparcamiento subterr\u00e1neo del Campo das Cebolas, en Lisboa<\/strong><\/a>.<\/u><\/p>\r\n<p>Aqu\u00ed, de hecho, se llev\u00f3 a cabo una intervenci\u00f3n de aislamiento ac\u00fastico y reducci\u00f3n de la reverberaci\u00f3n utilizando biomortero termoac\u00fastico a base de corcho <a href=\"https:\/\/www.diasen.com\/es\/diathonite-acoustix-2\/\"><strong>Diathonite Acoustix<\/strong><\/a>. La soluci\u00f3n se aplic\u00f3 en los techos de la estructura, con un espesor de 3 cm distribuidos en dos capas de 1,5 cm cada una, junto con malla de refuerzo estructural Polites 140.<\/p>\r\n<p>Esta elecci\u00f3n permiti\u00f3 combinar la eficacia ac\u00fastica con una est\u00e9tica que favorece un acabado casi liso. Para garantizar una granulometr\u00eda fina y uniforme, se utiliz\u00f3 el revestimiento ac\u00fastico <strong>Argatherm Acoustix<\/strong>, que permite al sistema mantener elevadas prestaciones ac\u00fasticas gracias a su microporosidad.<\/p>\r\n","protected":false},"excerpt":{"rendered":"<p>En el ajetreo de la vida moderna, el silencio se ha convertido en un lujo precioso y escaso. Nos encontramos inmersos en un barullo constante, en una armon\u00eda de ruidos&#8230;<\/p>\n","protected":false},"author":15,"featured_media":51858,"comment_status":"open","ping_status":"open","sticky":false,"template":"","format":"standard","meta":{"_acf_changed":false,"content-type":"","inline_featured_image":false,"_price":"","_stock":"","_tribe_ticket_header":"","_tribe_default_ticket_provider":"","_tribe_ticket_capacity":"","_ticket_start_date":"","_ticket_end_date":"","_tribe_ticket_show_description":"","_tribe_ticket_show_not_going":false,"_tribe_ticket_use_global_stock":"","_tribe_ticket_global_stock_level":"","_global_stock_mode":"","_global_stock_cap":"","_tribe_rsvp_for_event":"","_tribe_ticket_going_count":"","_tribe_ticket_not_going_count":"","_tribe_tickets_list":"[]","_tribe_ticket_has_attendee_info_fields":false,"footnotes":""},"categories":[793],"tags":[],"class_list":["post-68198","post","type-post","status-publish","format-standard","has-post-thumbnail","category-aislamiento-acustico"],"acf":[],"yoast_head":"<!-- This site is optimized with the Yoast SEO plugin v27.4 - https:\/\/yoast.com\/product\/yoast-seo-wordpress\/ -->\n<title>Absorci\u00f3n ac\u00fastica y aislamiento ac\u00fastico: \u00bfcu\u00e1l es la diferencia?<\/title>\n<meta name=\"description\" content=\"Absorci\u00f3n ac\u00fastica y el aislamiento ac\u00fastico. Estos t\u00e9rminos podr\u00edan confundirse, pero se refieren a t\u00e9cnicas que difieren bastante\" \/>\n<meta name=\"robots\" content=\"index, follow, max-snippet:-1, max-image-preview:large, max-video-preview:-1\" \/>\n<link rel=\"canonical\" href=\"https:\/\/www.diasen.com\/es\/absorcion-acustica-y-aislamiento-diferencia\/\" \/>\n<meta property=\"og:locale\" content=\"es_ES\" \/>\n<meta property=\"og:type\" content=\"article\" \/>\n<meta property=\"og:title\" content=\"Absorci\u00f3n ac\u00fastica y aislamiento ac\u00fastico: \u00bfcu\u00e1l es la diferencia?\" \/>\n<meta property=\"og:description\" content=\"Absorci\u00f3n ac\u00fastica y el aislamiento ac\u00fastico. Estos t\u00e9rminos podr\u00edan confundirse, pero se refieren a t\u00e9cnicas que difieren bastante\" \/>\n<meta property=\"og:url\" content=\"https:\/\/www.diasen.com\/es\/absorcion-acustica-y-aislamiento-diferencia\/\" \/>\n<meta property=\"og:site_name\" content=\"Diasen\" \/>\n<meta property=\"article:published_time\" content=\"2023-06-12T13:48:36+00:00\" \/>\n<meta property=\"article:modified_time\" content=\"2023-07-28T13:19:37+00:00\" \/>\n<meta property=\"og:image\" content=\"https:\/\/www.diasen.com\/wp-content\/uploads\/2023\/06\/fonoassorbimento.jpg\" \/>\n\t<meta property=\"og:image:width\" content=\"1600\" \/>\n\t<meta property=\"og:image:height\" content=\"1067\" \/>\n\t<meta property=\"og:image:type\" content=\"image\/jpeg\" \/>\n<meta name=\"author\" content=\"Diasen\" \/>\n<meta name=\"twitter:card\" content=\"summary_large_image\" \/>\n<meta name=\"twitter:label1\" content=\"Escrito por\" \/>\n\t<meta name=\"twitter:data1\" content=\"Diasen\" \/>\n\t<meta name=\"twitter:label2\" content=\"Tiempo de lectura\" \/>\n\t<meta name=\"twitter:data2\" content=\"7 minutos\" \/>\n<script type=\"application\/ld+json\" class=\"yoast-schema-graph\">{\"@context\":\"https:\\\/\\\/schema.org\",\"@graph\":[{\"@type\":\"Article\",\"@id\":\"https:\\\/\\\/www.diasen.com\\\/es\\\/absorcion-acustica-y-aislamiento-diferencia\\\/#article\",\"isPartOf\":{\"@id\":\"https:\\\/\\\/www.diasen.com\\\/es\\\/absorcion-acustica-y-aislamiento-diferencia\\\/\"},\"author\":{\"name\":\"Diasen\",\"@id\":\"https:\\\/\\\/diasen.com\\\/#\\\/schema\\\/person\\\/4ae59810b85e38a59f10ea65b42a9cab\"},\"headline\":\"Absorci\u00f3n ac\u00fastica y aislamiento ac\u00fastico: \u00bfcu\u00e1l es la diferencia?\",\"datePublished\":\"2023-06-12T13:48:36+00:00\",\"dateModified\":\"2023-07-28T13:19:37+00:00\",\"mainEntityOfPage\":{\"@id\":\"https:\\\/\\\/www.diasen.com\\\/es\\\/absorcion-acustica-y-aislamiento-diferencia\\\/\"},\"wordCount\":1281,\"commentCount\":0,\"publisher\":{\"@id\":\"https:\\\/\\\/diasen.com\\\/#organization\"},\"image\":{\"@id\":\"https:\\\/\\\/www.diasen.com\\\/es\\\/absorcion-acustica-y-aislamiento-diferencia\\\/#primaryimage\"},\"thumbnailUrl\":\"https:\\\/\\\/www.diasen.com\\\/wp-content\\\/uploads\\\/2023\\\/06\\\/fonoassorbimento.jpg\",\"articleSection\":[\"Aislamiento ac\u00fastico\"],\"inLanguage\":\"es\"},{\"@type\":\"WebPage\",\"@id\":\"https:\\\/\\\/www.diasen.com\\\/es\\\/absorcion-acustica-y-aislamiento-diferencia\\\/\",\"url\":\"https:\\\/\\\/www.diasen.com\\\/es\\\/absorcion-acustica-y-aislamiento-diferencia\\\/\",\"name\":\"Absorci\u00f3n ac\u00fastica y aislamiento ac\u00fastico: \u00bfcu\u00e1l es la diferencia?\",\"isPartOf\":{\"@id\":\"https:\\\/\\\/diasen.com\\\/#website\"},\"primaryImageOfPage\":{\"@id\":\"https:\\\/\\\/www.diasen.com\\\/es\\\/absorcion-acustica-y-aislamiento-diferencia\\\/#primaryimage\"},\"image\":{\"@id\":\"https:\\\/\\\/www.diasen.com\\\/es\\\/absorcion-acustica-y-aislamiento-diferencia\\\/#primaryimage\"},\"thumbnailUrl\":\"https:\\\/\\\/www.diasen.com\\\/wp-content\\\/uploads\\\/2023\\\/06\\\/fonoassorbimento.jpg\",\"datePublished\":\"2023-06-12T13:48:36+00:00\",\"dateModified\":\"2023-07-28T13:19:37+00:00\",\"description\":\"Absorci\u00f3n ac\u00fastica y el aislamiento ac\u00fastico. Estos t\u00e9rminos podr\u00edan confundirse, pero se refieren a t\u00e9cnicas que difieren bastante\",\"breadcrumb\":{\"@id\":\"https:\\\/\\\/www.diasen.com\\\/es\\\/absorcion-acustica-y-aislamiento-diferencia\\\/#breadcrumb\"},\"inLanguage\":\"es\",\"potentialAction\":[{\"@type\":\"ReadAction\",\"target\":[\"https:\\\/\\\/www.diasen.com\\\/es\\\/absorcion-acustica-y-aislamiento-diferencia\\\/\"]}]},{\"@type\":\"ImageObject\",\"inLanguage\":\"es\",\"@id\":\"https:\\\/\\\/www.diasen.com\\\/es\\\/absorcion-acustica-y-aislamiento-diferencia\\\/#primaryimage\",\"url\":\"https:\\\/\\\/www.diasen.com\\\/wp-content\\\/uploads\\\/2023\\\/06\\\/fonoassorbimento.jpg\",\"contentUrl\":\"https:\\\/\\\/www.diasen.com\\\/wp-content\\\/uploads\\\/2023\\\/06\\\/fonoassorbimento.jpg\",\"width\":1600,\"height\":1067,\"caption\":\"fonoassorbimento\"},{\"@type\":\"BreadcrumbList\",\"@id\":\"https:\\\/\\\/www.diasen.com\\\/es\\\/absorcion-acustica-y-aislamiento-diferencia\\\/#breadcrumb\",\"itemListElement\":[{\"@type\":\"ListItem\",\"position\":1,\"name\":\"Home\",\"item\":\"https:\\\/\\\/www.diasen.com\\\/es\\\/\"},{\"@type\":\"ListItem\",\"position\":2,\"name\":\"Absorci\u00f3n ac\u00fastica y aislamiento ac\u00fastico: \u00bfcu\u00e1l es la diferencia?\"}]},{\"@type\":\"WebSite\",\"@id\":\"https:\\\/\\\/diasen.com\\\/#website\",\"url\":\"https:\\\/\\\/diasen.com\\\/\",\"name\":\"Diasen\",\"description\":\"\",\"publisher\":{\"@id\":\"https:\\\/\\\/diasen.com\\\/#organization\"},\"potentialAction\":[{\"@type\":\"SearchAction\",\"target\":{\"@type\":\"EntryPoint\",\"urlTemplate\":\"https:\\\/\\\/diasen.com\\\/?s={search_term_string}\"},\"query-input\":{\"@type\":\"PropertyValueSpecification\",\"valueRequired\":true,\"valueName\":\"search_term_string\"}}],\"inLanguage\":\"es\"},{\"@type\":\"Organization\",\"@id\":\"https:\\\/\\\/diasen.com\\\/#organization\",\"name\":\"Diasen\",\"url\":\"https:\\\/\\\/diasen.com\\\/\",\"logo\":{\"@type\":\"ImageObject\",\"inLanguage\":\"es\",\"@id\":\"https:\\\/\\\/diasen.com\\\/#\\\/schema\\\/logo\\\/image\\\/\",\"url\":\"https:\\\/\\\/www.diasen.com\\\/wp-content\\\/uploads\\\/2026\\\/04\\\/logo_diasen.png\",\"contentUrl\":\"https:\\\/\\\/www.diasen.com\\\/wp-content\\\/uploads\\\/2026\\\/04\\\/logo_diasen.png\",\"width\":300,\"height\":160,\"caption\":\"Diasen\"},\"image\":{\"@id\":\"https:\\\/\\\/diasen.com\\\/#\\\/schema\\\/logo\\\/image\\\/\"}},{\"@type\":\"Person\",\"@id\":\"https:\\\/\\\/diasen.com\\\/#\\\/schema\\\/person\\\/4ae59810b85e38a59f10ea65b42a9cab\",\"name\":\"Diasen\",\"image\":{\"@type\":\"ImageObject\",\"inLanguage\":\"es\",\"@id\":\"https:\\\/\\\/secure.gravatar.com\\\/avatar\\\/c712cde7b26e86dd5d498092f4924eebcd48ad89b60dde10fe91a16d78653e4e?s=96&d=mm&r=g\",\"url\":\"https:\\\/\\\/secure.gravatar.com\\\/avatar\\\/c712cde7b26e86dd5d498092f4924eebcd48ad89b60dde10fe91a16d78653e4e?s=96&d=mm&r=g\",\"contentUrl\":\"https:\\\/\\\/secure.gravatar.com\\\/avatar\\\/c712cde7b26e86dd5d498092f4924eebcd48ad89b60dde10fe91a16d78653e4e?s=96&d=mm&r=g\",\"caption\":\"Diasen\"},\"url\":\"https:\\\/\\\/www.diasen.com\\\/es\\\/author\\\/diasen\\\/\"}]}<\/script>\n<!-- \/ Yoast SEO plugin. -->","yoast_head_json":{"title":"Absorci\u00f3n ac\u00fastica y aislamiento ac\u00fastico: \u00bfcu\u00e1l es la diferencia?","description":"Absorci\u00f3n ac\u00fastica y el aislamiento ac\u00fastico. Estos t\u00e9rminos podr\u00edan confundirse, pero se refieren a t\u00e9cnicas que difieren bastante","robots":{"index":"index","follow":"follow","max-snippet":"max-snippet:-1","max-image-preview":"max-image-preview:large","max-video-preview":"max-video-preview:-1"},"canonical":"https:\/\/www.diasen.com\/es\/absorcion-acustica-y-aislamiento-diferencia\/","og_locale":"es_ES","og_type":"article","og_title":"Absorci\u00f3n ac\u00fastica y aislamiento ac\u00fastico: \u00bfcu\u00e1l es la diferencia?","og_description":"Absorci\u00f3n ac\u00fastica y el aislamiento ac\u00fastico. Estos t\u00e9rminos podr\u00edan confundirse, pero se refieren a t\u00e9cnicas que difieren bastante","og_url":"https:\/\/www.diasen.com\/es\/absorcion-acustica-y-aislamiento-diferencia\/","og_site_name":"Diasen","article_published_time":"2023-06-12T13:48:36+00:00","article_modified_time":"2023-07-28T13:19:37+00:00","og_image":[{"width":1600,"height":1067,"url":"https:\/\/www.diasen.com\/wp-content\/uploads\/2023\/06\/fonoassorbimento.jpg","type":"image\/jpeg"}],"author":"Diasen","twitter_card":"summary_large_image","twitter_misc":{"Escrito por":"Diasen","Tiempo de lectura":"7 minutos"},"schema":{"@context":"https:\/\/schema.org","@graph":[{"@type":"Article","@id":"https:\/\/www.diasen.com\/es\/absorcion-acustica-y-aislamiento-diferencia\/#article","isPartOf":{"@id":"https:\/\/www.diasen.com\/es\/absorcion-acustica-y-aislamiento-diferencia\/"},"author":{"name":"Diasen","@id":"https:\/\/diasen.com\/#\/schema\/person\/4ae59810b85e38a59f10ea65b42a9cab"},"headline":"Absorci\u00f3n ac\u00fastica y aislamiento ac\u00fastico: \u00bfcu\u00e1l es la diferencia?","datePublished":"2023-06-12T13:48:36+00:00","dateModified":"2023-07-28T13:19:37+00:00","mainEntityOfPage":{"@id":"https:\/\/www.diasen.com\/es\/absorcion-acustica-y-aislamiento-diferencia\/"},"wordCount":1281,"commentCount":0,"publisher":{"@id":"https:\/\/diasen.com\/#organization"},"image":{"@id":"https:\/\/www.diasen.com\/es\/absorcion-acustica-y-aislamiento-diferencia\/#primaryimage"},"thumbnailUrl":"https:\/\/www.diasen.com\/wp-content\/uploads\/2023\/06\/fonoassorbimento.jpg","articleSection":["Aislamiento ac\u00fastico"],"inLanguage":"es"},{"@type":"WebPage","@id":"https:\/\/www.diasen.com\/es\/absorcion-acustica-y-aislamiento-diferencia\/","url":"https:\/\/www.diasen.com\/es\/absorcion-acustica-y-aislamiento-diferencia\/","name":"Absorci\u00f3n ac\u00fastica y aislamiento ac\u00fastico: \u00bfcu\u00e1l es la diferencia?","isPartOf":{"@id":"https:\/\/diasen.com\/#website"},"primaryImageOfPage":{"@id":"https:\/\/www.diasen.com\/es\/absorcion-acustica-y-aislamiento-diferencia\/#primaryimage"},"image":{"@id":"https:\/\/www.diasen.com\/es\/absorcion-acustica-y-aislamiento-diferencia\/#primaryimage"},"thumbnailUrl":"https:\/\/www.diasen.com\/wp-content\/uploads\/2023\/06\/fonoassorbimento.jpg","datePublished":"2023-06-12T13:48:36+00:00","dateModified":"2023-07-28T13:19:37+00:00","description":"Absorci\u00f3n ac\u00fastica y el aislamiento ac\u00fastico. Estos t\u00e9rminos podr\u00edan confundirse, pero se refieren a t\u00e9cnicas que difieren bastante","breadcrumb":{"@id":"https:\/\/www.diasen.com\/es\/absorcion-acustica-y-aislamiento-diferencia\/#breadcrumb"},"inLanguage":"es","potentialAction":[{"@type":"ReadAction","target":["https:\/\/www.diasen.com\/es\/absorcion-acustica-y-aislamiento-diferencia\/"]}]},{"@type":"ImageObject","inLanguage":"es","@id":"https:\/\/www.diasen.com\/es\/absorcion-acustica-y-aislamiento-diferencia\/#primaryimage","url":"https:\/\/www.diasen.com\/wp-content\/uploads\/2023\/06\/fonoassorbimento.jpg","contentUrl":"https:\/\/www.diasen.com\/wp-content\/uploads\/2023\/06\/fonoassorbimento.jpg","width":1600,"height":1067,"caption":"fonoassorbimento"},{"@type":"BreadcrumbList","@id":"https:\/\/www.diasen.com\/es\/absorcion-acustica-y-aislamiento-diferencia\/#breadcrumb","itemListElement":[{"@type":"ListItem","position":1,"name":"Home","item":"https:\/\/www.diasen.com\/es\/"},{"@type":"ListItem","position":2,"name":"Absorci\u00f3n ac\u00fastica y aislamiento ac\u00fastico: \u00bfcu\u00e1l es la diferencia?"}]},{"@type":"WebSite","@id":"https:\/\/diasen.com\/#website","url":"https:\/\/diasen.com\/","name":"Diasen","description":"","publisher":{"@id":"https:\/\/diasen.com\/#organization"},"potentialAction":[{"@type":"SearchAction","target":{"@type":"EntryPoint","urlTemplate":"https:\/\/diasen.com\/?s={search_term_string}"},"query-input":{"@type":"PropertyValueSpecification","valueRequired":true,"valueName":"search_term_string"}}],"inLanguage":"es"},{"@type":"Organization","@id":"https:\/\/diasen.com\/#organization","name":"Diasen","url":"https:\/\/diasen.com\/","logo":{"@type":"ImageObject","inLanguage":"es","@id":"https:\/\/diasen.com\/#\/schema\/logo\/image\/","url":"https:\/\/www.diasen.com\/wp-content\/uploads\/2026\/04\/logo_diasen.png","contentUrl":"https:\/\/www.diasen.com\/wp-content\/uploads\/2026\/04\/logo_diasen.png","width":300,"height":160,"caption":"Diasen"},"image":{"@id":"https:\/\/diasen.com\/#\/schema\/logo\/image\/"}},{"@type":"Person","@id":"https:\/\/diasen.com\/#\/schema\/person\/4ae59810b85e38a59f10ea65b42a9cab","name":"Diasen","image":{"@type":"ImageObject","inLanguage":"es","@id":"https:\/\/secure.gravatar.com\/avatar\/c712cde7b26e86dd5d498092f4924eebcd48ad89b60dde10fe91a16d78653e4e?s=96&d=mm&r=g","url":"https:\/\/secure.gravatar.com\/avatar\/c712cde7b26e86dd5d498092f4924eebcd48ad89b60dde10fe91a16d78653e4e?s=96&d=mm&r=g","contentUrl":"https:\/\/secure.gravatar.com\/avatar\/c712cde7b26e86dd5d498092f4924eebcd48ad89b60dde10fe91a16d78653e4e?s=96&d=mm&r=g","caption":"Diasen"},"url":"https:\/\/www.diasen.com\/es\/author\/diasen\/"}]}},"_links":{"self":[{"href":"https:\/\/www.diasen.com\/es\/wp-json\/wp\/v2\/posts\/68198","targetHints":{"allow":["GET"]}}],"collection":[{"href":"https:\/\/www.diasen.com\/es\/wp-json\/wp\/v2\/posts"}],"about":[{"href":"https:\/\/www.diasen.com\/es\/wp-json\/wp\/v2\/types\/post"}],"author":[{"embeddable":true,"href":"https:\/\/www.diasen.com\/es\/wp-json\/wp\/v2\/users\/15"}],"replies":[{"embeddable":true,"href":"https:\/\/www.diasen.com\/es\/wp-json\/wp\/v2\/comments?post=68198"}],"version-history":[{"count":0,"href":"https:\/\/www.diasen.com\/es\/wp-json\/wp\/v2\/posts\/68198\/revisions"}],"wp:featuredmedia":[{"embeddable":true,"href":"https:\/\/www.diasen.com\/es\/wp-json\/wp\/v2\/media\/51858"}],"wp:attachment":[{"href":"https:\/\/www.diasen.com\/es\/wp-json\/wp\/v2\/media?parent=68198"}],"wp:term":[{"taxonomy":"category","embeddable":true,"href":"https:\/\/www.diasen.com\/es\/wp-json\/wp\/v2\/categories?post=68198"},{"taxonomy":"post_tag","embeddable":true,"href":"https:\/\/www.diasen.com\/es\/wp-json\/wp\/v2\/tags?post=68198"}],"curies":[{"name":"wp","href":"https:\/\/api.w.org\/{rel}","templated":true}]}}