{"id":48968,"date":"2023-02-10T09:29:16","date_gmt":"2023-02-10T08:29:16","guid":{"rendered":"https:\/\/www.diasen.com\/?p=48968"},"modified":"2023-02-20T09:42:52","modified_gmt":"2023-02-20T08:42:52","slug":"aislamiento-termico","status":"publish","type":"post","link":"https:\/\/www.diasen.com\/es\/aislamiento-termico\/","title":{"rendered":"Aislamiento t\u00e9rmico: el punto de inflexi\u00f3n cultural en el mundo de la construcci\u00f3n"},"content":{"rendered":"<p><strong>\u00bfPor qu\u00e9 hablamos de cambio cultural al abordar el tema del aislamiento t\u00e9rmico?<\/strong> Simplemente porque, en un sector que contribuye a la mayor parte de las emisiones globales, encontrar soluciones que hagan que el confort t\u00e9rmico sea sostenible significa alimentar un cambio de enfoque significativo y virtuoso que tambi\u00e9n afecta la mentalidad de las personas.<\/p>\n<p>Aislar a nivel t\u00e9rmico un edificio no significa solo actuar en t\u00e9rminos de recalificaci\u00f3n f\u00edsica del edificio, sino intervenir activamente en su eficiencia energ\u00e9tica, reduciendo as\u00ed la tendencia de emisi\u00f3n del propio edificio. Por lo tanto, <strong>el aislamiento t\u00e9rmico obtenido con materiales naturales e innovadores representa un punto de inflexi\u00f3n cultural<\/strong> en un sector como el de la construcci\u00f3n que lucha por abordar los problemas relacionados con la sostenibilidad ambiental y el impacto energ\u00e9tico de la construcci\u00f3n.<\/p>\n<h2>Dise\u00f1o y elecci\u00f3n de los materiales: dos pasos fundamentales para un buen aislamiento t\u00e9rmico<\/h2>\n<p>El <strong>dise\u00f1o de las intervenciones de aislamiento t\u00e9rmico interno<\/strong> es el primer paso para conferir confort y ecosostenibilidad al edificio. El objetivo es identificar las soluciones m\u00e1s adecuadas para crear un microclima apropiado y sin desperdiciar recursos.<\/p>\n<p>Esta fase se articula en varios pasos: el control de las aportaciones solares en los meses invernales y estivales, para optimizar los consumos energ\u00e9ticos; la medici\u00f3n de la dispersi\u00f3n y de los fen\u00f3menos inerciales; la gesti\u00f3n de la temperatura interna y de funcionamiento; el control de los niveles de humedad ideales; las propiedades fonoabsorbentes y aislantes de los materiales, el an\u00e1lisis de las caracter\u00edsticas geom\u00e9tricas, f\u00edsicas y estructurales de la envolvente y un correcto dise\u00f1o de la luminosidad de los ambientes.<\/p>\n<p>Para obtener condiciones de confort y habitabilidad es necesario identificar y seleccionar materiales que aprovechen con la m\u00e1xima eficiencia la funci\u00f3n natural del aire confinado, es decir, sus propiedades aislantes que lo convierten en un material con baja conductividad t\u00e9rmica y una tendencia limitada a transferir calor. <strong>Solo los materiales de alta porosidad pueden realizar esta funci\u00f3n de incorporaci\u00f3n y confinamiento del aire.<\/strong><\/p>\n<p>Estos <u>biomateriales <\/u>son la base de las soluciones Diasen para afrontar las intervenciones de aislamiento de manera eficaz, r\u00e1pida y con efectos a largo plazo.<\/p>\n<h2>El impacto de un buen aislamiento t\u00e9rmico<\/h2>\n<p><strong>Un buen aislamiento t\u00e9rmico reduce las p\u00e9rdidas de calor durante los meses de invierno y reduce la afluencia de calor durante el verano,<\/strong> aumentando el confort de la vivienda y reduciendo los costes energ\u00e9ticos. Conceptos de f\u00edsica t\u00e9cnica que instintivamente inspiran las elecciones del hombre desde la antig\u00fcedad, cuando nuestros antepasados utilizaban cal, corcho, arcilla y materiales volc\u00e1nicos para proteger la casa de la variaci\u00f3n de las condiciones clim\u00e1ticas.<\/p>\n<p>En Diasen, realizamos <strong>soluciones ecol\u00f3gicas<\/strong> que replican con tecnolog\u00edas modernas el enfoque utilizado en el pasado para alcanzar objetivos de protecci\u00f3n, aislamiento t\u00e9rmico y habitabilidad de los ambientes. De hecho, utilizamos biomateriales para crear morteros y <a href=\"https:\/\/www.diasen.com\/es\/pintura-termica\/\"><strong>pinturas t\u00e9rmicas aislantes<\/strong><\/a> que no liberan sustancias nocivas en el medio ambiente y que act\u00faan con una eficiencia muy alta.<\/p>\n<p>El buque insignia de esta b\u00fasqueda de confort t\u00e9rmico es sin duda el <strong>corcho<\/strong>. Empleamos esta preciosa corteza de un particular roble mediterr\u00e1neo, por las propiedades f\u00edsicas que la caracterizan, por la tipicidad de su ecosistema, por la regeneraci\u00f3n decenal que lo convierte en un material renovable y porque se hace utilizable exclusivamente a trav\u00e9s de procesos de tratamiento f\u00edsicos, no qu\u00edmicos.<\/p>\n<p>El corcho como esencia formulativa de nuestras biomaltas constituye una <strong>alternativa radical al Sistema de Aislamiento T\u00e9rmico por el Exterior tradicional<\/strong>, que requiere el uso de materiales sint\u00e9ticos, inflamables, poco vers\u00e1tiles y carentes del dinamismo intr\u00ednseco que permite aislar tanto en invierno como en verano.<\/p>\n<p><strong><a href=\"https:\/\/www.diasen.com\/es\/corcho-aislante\/\">El corcho, como mejor aislante t\u00e9rmico<\/a>,<\/strong> presenta una estructura ordenada de las paredes celulares, con una triple capa de tejido compuesta por <strong>celulosa, lignina y suberina.<\/strong> Las dos primeras cumplen la funci\u00f3n de materiales de soporte, mientras que la suberina -una mezcla de \u00e1cidos grasos de cadena larga- asegura propiedades comparables a las de las ceras, a partir de una marcada resistencia al agua.<\/p>\n<p>La presencia caracter\u00edstica de la suberina, adem\u00e1s de inhibir la acci\u00f3n de los par\u00e1sitos, explica la tendencia hidrof\u00f3bica del corcho y su alto grado de elasticidad y resistencia mec\u00e1nica. Por lo tanto,<strong> un aislamiento t\u00e9rmico de corcho<\/strong> es adecuado para hacer de la casa un producto saludable, duradero, c\u00f3modo e ign\u00edfugo.<\/p>\n<h2>Nuevas necesidades, nuevos materiales<\/h2>\n<p><strong>Corcho, perlita, pumita son materiales que se utilizan en la construcci\u00f3n para alimentar una filosof\u00eda nueva e innovadora<\/strong>, al mismo tiempo antropoc\u00e9ntrica y ecoc\u00e9ntrica, capaz de combinar las necesidades de las personas y el medio ambiente. Esta filosof\u00eda del confort sostenible encuentra su expresi\u00f3n en el estilo constructivo del \u00e1rea mediterr\u00e1nea, en las zonas donde la civilizaci\u00f3n ha encontrado las ra\u00edces de un desarrollo espectacular incluso a nivel de arquitectura, con edificios que han sido realizados utilizando materiales naturales y de proximidad.<\/p>\n<p>Estos materiales, vinculados a las necesidades de protecci\u00f3n y aislamiento t\u00e9rmico, presentan una propiedad com\u00fan: a pesar de sus or\u00edgenes y composiciones diferentes, presentan una porosidad muy elevada y una estructura molecular que revela una urdimbre de cavidades que engloban el aire bloqueando su movimiento.<\/p>\n<p>Cuando el aire es retenido y confinado en las cavidades y en los alv\u00e9olos, expresa una propiedad notable: su capacidad de transferir calor se vuelve m\u00ednima y se coloca en el v\u00e9rtice de la pir\u00e1mide de los aislantes naturales. Esta atenci\u00f3n a los materiales, esta sabidur\u00eda emp\u00edrica heredada durante siglos, ha guiado la cultura arquitect\u00f3nica mediterr\u00e1nea que se centra en la habitabilidad de los espacios, la transpirabilidad de las paredes, la ligereza de las estructuras, la ventilaci\u00f3n natural y las soluciones reflectantes.<\/p>\n<p><strong>La filosof\u00eda del buen aislamiento t\u00e9rmico<\/strong> representa cada vez m\u00e1s un modelo de construcci\u00f3n capaz de combinar confort y habitabilidad, en el que la casa se caracteriza por ser un lugar agradable y seguro para vivir todos los d\u00edas.<\/p>\n<h2>Las ventajas de un buen aislamiento t\u00e9rmico<\/h2>\n<p><strong>Realizar un buen aislamiento t\u00e9rmico, posiblemente con materiales naturales, <\/strong>permite gestionar la cantidad de calor que entra y sale de la casa, lo que significa que el sistema de climatizaci\u00f3n debe trabajar menos para mantener el equilibrio t\u00e9rmico, reduciendo los costes energ\u00e9ticos. Una casa bien aislada, de hecho, ofrece una temperatura equilibrada y confortable, tanto en invierno como en verano, aumentando la durabilidad de la propiedad.<\/p>\n<p>Adem\u00e1s, no se deben subestimar los aspectos relacionados con la seguridad y la ecolog\u00eda: si por un lado el aislamiento t\u00e9rmico ayuda a proteger la casa de la variaci\u00f3n de las condiciones clim\u00e1ticas y los eventos clim\u00e1ticos, como el viento, la lluvia y la nieve, por otro lado permite consumir menos energ\u00eda, emitir menos di\u00f3xido de carbono a la atm\u00f3sfera, ayudando a reducir las causas del calentamiento global.<\/p>\n<p><strong>La adopci\u00f3n de una cultura verde del aislamiento t\u00e9rmico<\/strong> representa un paso importante hacia la creaci\u00f3n de edificios m\u00e1s sostenibles y con un menor impacto ambiental. De esta manera, se puede contribuir a la lucha contra el cambio clim\u00e1tico y a la creaci\u00f3n de un mundo m\u00e1s verde y sostenible.<\/p>\n","protected":false},"excerpt":{"rendered":"<p>\u00bfPor qu\u00e9 hablamos de cambio cultural al abordar el tema del aislamiento t\u00e9rmico? Simplemente porque, en un sector que contribuye a la mayor parte de las emisiones globales, encontrar soluciones&#8230;<\/p>\n","protected":false},"author":15,"featured_media":48682,"comment_status":"open","ping_status":"open","sticky":false,"template":"","format":"standard","meta":{"_acf_changed":false,"content-type":"","inline_featured_image":false,"_price":"","_stock":"","_tribe_ticket_header":"","_tribe_default_ticket_provider":"","_tribe_ticket_capacity":"","_ticket_start_date":"","_ticket_end_date":"","_tribe_ticket_show_description":"","_tribe_ticket_show_not_going":false,"_tribe_ticket_use_global_stock":"","_tribe_ticket_global_stock_level":"","_global_stock_mode":"","_global_stock_cap":"","_tribe_rsvp_for_event":"","_tribe_ticket_going_count":"","_tribe_ticket_not_going_count":"","_tribe_tickets_list":"[]","_tribe_ticket_has_attendee_info_fields":false,"footnotes":""},"categories":[792],"tags":[],"class_list":["post-48968","post","type-post","status-publish","format-standard","has-post-thumbnail","category-aislamiento-termico"],"acf":[],"yoast_head":"<!-- This site is optimized with the Yoast SEO plugin v27.4 - https:\/\/yoast.com\/product\/yoast-seo-wordpress\/ -->\n<title>Aislamiento t\u00e9rmico: el punto de inflexi\u00f3n cultural<\/title>\n<meta name=\"description\" content=\"El dise\u00f1o de las intervenciones de aislamiento t\u00e9rmico interno es el primer paso para conferir confort y ecosostenibilidad al edificio.\" \/>\n<meta name=\"robots\" content=\"index, follow, max-snippet:-1, max-image-preview:large, max-video-preview:-1\" \/>\n<link rel=\"canonical\" href=\"https:\/\/www.diasen.com\/es\/aislamiento-termico\/\" \/>\n<meta property=\"og:locale\" content=\"es_ES\" \/>\n<meta property=\"og:type\" content=\"article\" \/>\n<meta property=\"og:title\" content=\"Aislamiento t\u00e9rmico: el punto de inflexi\u00f3n cultural\" \/>\n<meta property=\"og:description\" content=\"El dise\u00f1o de las intervenciones de aislamiento t\u00e9rmico interno es el primer paso para conferir confort y ecosostenibilidad al edificio.\" \/>\n<meta property=\"og:url\" content=\"https:\/\/www.diasen.com\/es\/aislamiento-termico\/\" \/>\n<meta property=\"og:site_name\" content=\"Diasen\" \/>\n<meta property=\"article:published_time\" content=\"2023-02-10T08:29:16+00:00\" \/>\n<meta property=\"article:modified_time\" content=\"2023-02-20T08:42:52+00:00\" \/>\n<meta property=\"og:image\" content=\"https:\/\/www.diasen.com\/wp-content\/uploads\/2023\/02\/isolamento-termico.jpg\" \/>\n\t<meta property=\"og:image:width\" content=\"1400\" \/>\n\t<meta property=\"og:image:height\" content=\"933\" \/>\n\t<meta property=\"og:image:type\" content=\"image\/jpeg\" \/>\n<meta name=\"author\" content=\"Diasen\" \/>\n<meta name=\"twitter:card\" content=\"summary_large_image\" \/>\n<meta name=\"twitter:label1\" content=\"Escrito por\" \/>\n\t<meta name=\"twitter:data1\" content=\"Diasen\" \/>\n\t<meta name=\"twitter:label2\" content=\"Tiempo de lectura\" \/>\n\t<meta name=\"twitter:data2\" content=\"7 minutos\" \/>\n<script type=\"application\/ld+json\" class=\"yoast-schema-graph\">{\"@context\":\"https:\\\/\\\/schema.org\",\"@graph\":[{\"@type\":\"Article\",\"@id\":\"https:\\\/\\\/www.diasen.com\\\/es\\\/aislamiento-termico\\\/#article\",\"isPartOf\":{\"@id\":\"https:\\\/\\\/www.diasen.com\\\/es\\\/aislamiento-termico\\\/\"},\"author\":{\"name\":\"Diasen\",\"@id\":\"https:\\\/\\\/diasen.com\\\/#\\\/schema\\\/person\\\/4ae59810b85e38a59f10ea65b42a9cab\"},\"headline\":\"Aislamiento t\u00e9rmico: el punto de inflexi\u00f3n cultural en el mundo de la construcci\u00f3n\",\"datePublished\":\"2023-02-10T08:29:16+00:00\",\"dateModified\":\"2023-02-20T08:42:52+00:00\",\"mainEntityOfPage\":{\"@id\":\"https:\\\/\\\/www.diasen.com\\\/es\\\/aislamiento-termico\\\/\"},\"wordCount\":1289,\"commentCount\":0,\"publisher\":{\"@id\":\"https:\\\/\\\/diasen.com\\\/#organization\"},\"image\":{\"@id\":\"https:\\\/\\\/www.diasen.com\\\/es\\\/aislamiento-termico\\\/#primaryimage\"},\"thumbnailUrl\":\"https:\\\/\\\/www.diasen.com\\\/wp-content\\\/uploads\\\/2023\\\/02\\\/isolamento-termico.jpg\",\"articleSection\":[\"Aislamiento t\u00e9rmico\"],\"inLanguage\":\"es\"},{\"@type\":\"WebPage\",\"@id\":\"https:\\\/\\\/www.diasen.com\\\/es\\\/aislamiento-termico\\\/\",\"url\":\"https:\\\/\\\/www.diasen.com\\\/es\\\/aislamiento-termico\\\/\",\"name\":\"Aislamiento t\u00e9rmico: el punto de inflexi\u00f3n cultural\",\"isPartOf\":{\"@id\":\"https:\\\/\\\/diasen.com\\\/#website\"},\"primaryImageOfPage\":{\"@id\":\"https:\\\/\\\/www.diasen.com\\\/es\\\/aislamiento-termico\\\/#primaryimage\"},\"image\":{\"@id\":\"https:\\\/\\\/www.diasen.com\\\/es\\\/aislamiento-termico\\\/#primaryimage\"},\"thumbnailUrl\":\"https:\\\/\\\/www.diasen.com\\\/wp-content\\\/uploads\\\/2023\\\/02\\\/isolamento-termico.jpg\",\"datePublished\":\"2023-02-10T08:29:16+00:00\",\"dateModified\":\"2023-02-20T08:42:52+00:00\",\"description\":\"El dise\u00f1o de las intervenciones de aislamiento t\u00e9rmico interno es el primer paso para conferir confort y ecosostenibilidad al edificio.\",\"breadcrumb\":{\"@id\":\"https:\\\/\\\/www.diasen.com\\\/es\\\/aislamiento-termico\\\/#breadcrumb\"},\"inLanguage\":\"es\",\"potentialAction\":[{\"@type\":\"ReadAction\",\"target\":[\"https:\\\/\\\/www.diasen.com\\\/es\\\/aislamiento-termico\\\/\"]}]},{\"@type\":\"ImageObject\",\"inLanguage\":\"es\",\"@id\":\"https:\\\/\\\/www.diasen.com\\\/es\\\/aislamiento-termico\\\/#primaryimage\",\"url\":\"https:\\\/\\\/www.diasen.com\\\/wp-content\\\/uploads\\\/2023\\\/02\\\/isolamento-termico.jpg\",\"contentUrl\":\"https:\\\/\\\/www.diasen.com\\\/wp-content\\\/uploads\\\/2023\\\/02\\\/isolamento-termico.jpg\",\"width\":1400,\"height\":933,\"caption\":\"isolamento termico\"},{\"@type\":\"BreadcrumbList\",\"@id\":\"https:\\\/\\\/www.diasen.com\\\/es\\\/aislamiento-termico\\\/#breadcrumb\",\"itemListElement\":[{\"@type\":\"ListItem\",\"position\":1,\"name\":\"Home\",\"item\":\"https:\\\/\\\/www.diasen.com\\\/es\\\/\"},{\"@type\":\"ListItem\",\"position\":2,\"name\":\"Aislamiento t\u00e9rmico: el punto de inflexi\u00f3n cultural en el mundo de la construcci\u00f3n\"}]},{\"@type\":\"WebSite\",\"@id\":\"https:\\\/\\\/diasen.com\\\/#website\",\"url\":\"https:\\\/\\\/diasen.com\\\/\",\"name\":\"Diasen\",\"description\":\"\",\"publisher\":{\"@id\":\"https:\\\/\\\/diasen.com\\\/#organization\"},\"potentialAction\":[{\"@type\":\"SearchAction\",\"target\":{\"@type\":\"EntryPoint\",\"urlTemplate\":\"https:\\\/\\\/diasen.com\\\/?s={search_term_string}\"},\"query-input\":{\"@type\":\"PropertyValueSpecification\",\"valueRequired\":true,\"valueName\":\"search_term_string\"}}],\"inLanguage\":\"es\"},{\"@type\":\"Organization\",\"@id\":\"https:\\\/\\\/diasen.com\\\/#organization\",\"name\":\"Diasen\",\"url\":\"https:\\\/\\\/diasen.com\\\/\",\"logo\":{\"@type\":\"ImageObject\",\"inLanguage\":\"es\",\"@id\":\"https:\\\/\\\/diasen.com\\\/#\\\/schema\\\/logo\\\/image\\\/\",\"url\":\"https:\\\/\\\/www.diasen.com\\\/wp-content\\\/uploads\\\/2026\\\/04\\\/logo_diasen.png\",\"contentUrl\":\"https:\\\/\\\/www.diasen.com\\\/wp-content\\\/uploads\\\/2026\\\/04\\\/logo_diasen.png\",\"width\":300,\"height\":160,\"caption\":\"Diasen\"},\"image\":{\"@id\":\"https:\\\/\\\/diasen.com\\\/#\\\/schema\\\/logo\\\/image\\\/\"}},{\"@type\":\"Person\",\"@id\":\"https:\\\/\\\/diasen.com\\\/#\\\/schema\\\/person\\\/4ae59810b85e38a59f10ea65b42a9cab\",\"name\":\"Diasen\",\"image\":{\"@type\":\"ImageObject\",\"inLanguage\":\"es\",\"@id\":\"https:\\\/\\\/secure.gravatar.com\\\/avatar\\\/c712cde7b26e86dd5d498092f4924eebcd48ad89b60dde10fe91a16d78653e4e?s=96&d=mm&r=g\",\"url\":\"https:\\\/\\\/secure.gravatar.com\\\/avatar\\\/c712cde7b26e86dd5d498092f4924eebcd48ad89b60dde10fe91a16d78653e4e?s=96&d=mm&r=g\",\"contentUrl\":\"https:\\\/\\\/secure.gravatar.com\\\/avatar\\\/c712cde7b26e86dd5d498092f4924eebcd48ad89b60dde10fe91a16d78653e4e?s=96&d=mm&r=g\",\"caption\":\"Diasen\"},\"url\":\"https:\\\/\\\/www.diasen.com\\\/es\\\/author\\\/diasen\\\/\"}]}<\/script>\n<!-- \/ Yoast SEO plugin. -->","yoast_head_json":{"title":"Aislamiento t\u00e9rmico: el punto de inflexi\u00f3n cultural","description":"El dise\u00f1o de las intervenciones de aislamiento t\u00e9rmico interno es el primer paso para conferir confort y ecosostenibilidad al edificio.","robots":{"index":"index","follow":"follow","max-snippet":"max-snippet:-1","max-image-preview":"max-image-preview:large","max-video-preview":"max-video-preview:-1"},"canonical":"https:\/\/www.diasen.com\/es\/aislamiento-termico\/","og_locale":"es_ES","og_type":"article","og_title":"Aislamiento t\u00e9rmico: el punto de inflexi\u00f3n cultural","og_description":"El dise\u00f1o de las intervenciones de aislamiento t\u00e9rmico interno es el primer paso para conferir confort y ecosostenibilidad al edificio.","og_url":"https:\/\/www.diasen.com\/es\/aislamiento-termico\/","og_site_name":"Diasen","article_published_time":"2023-02-10T08:29:16+00:00","article_modified_time":"2023-02-20T08:42:52+00:00","og_image":[{"width":1400,"height":933,"url":"https:\/\/www.diasen.com\/wp-content\/uploads\/2023\/02\/isolamento-termico.jpg","type":"image\/jpeg"}],"author":"Diasen","twitter_card":"summary_large_image","twitter_misc":{"Escrito por":"Diasen","Tiempo de lectura":"7 minutos"},"schema":{"@context":"https:\/\/schema.org","@graph":[{"@type":"Article","@id":"https:\/\/www.diasen.com\/es\/aislamiento-termico\/#article","isPartOf":{"@id":"https:\/\/www.diasen.com\/es\/aislamiento-termico\/"},"author":{"name":"Diasen","@id":"https:\/\/diasen.com\/#\/schema\/person\/4ae59810b85e38a59f10ea65b42a9cab"},"headline":"Aislamiento t\u00e9rmico: el punto de inflexi\u00f3n cultural en el mundo de la construcci\u00f3n","datePublished":"2023-02-10T08:29:16+00:00","dateModified":"2023-02-20T08:42:52+00:00","mainEntityOfPage":{"@id":"https:\/\/www.diasen.com\/es\/aislamiento-termico\/"},"wordCount":1289,"commentCount":0,"publisher":{"@id":"https:\/\/diasen.com\/#organization"},"image":{"@id":"https:\/\/www.diasen.com\/es\/aislamiento-termico\/#primaryimage"},"thumbnailUrl":"https:\/\/www.diasen.com\/wp-content\/uploads\/2023\/02\/isolamento-termico.jpg","articleSection":["Aislamiento t\u00e9rmico"],"inLanguage":"es"},{"@type":"WebPage","@id":"https:\/\/www.diasen.com\/es\/aislamiento-termico\/","url":"https:\/\/www.diasen.com\/es\/aislamiento-termico\/","name":"Aislamiento t\u00e9rmico: el punto de inflexi\u00f3n cultural","isPartOf":{"@id":"https:\/\/diasen.com\/#website"},"primaryImageOfPage":{"@id":"https:\/\/www.diasen.com\/es\/aislamiento-termico\/#primaryimage"},"image":{"@id":"https:\/\/www.diasen.com\/es\/aislamiento-termico\/#primaryimage"},"thumbnailUrl":"https:\/\/www.diasen.com\/wp-content\/uploads\/2023\/02\/isolamento-termico.jpg","datePublished":"2023-02-10T08:29:16+00:00","dateModified":"2023-02-20T08:42:52+00:00","description":"El dise\u00f1o de las intervenciones de aislamiento t\u00e9rmico interno es el primer paso para conferir confort y ecosostenibilidad al edificio.","breadcrumb":{"@id":"https:\/\/www.diasen.com\/es\/aislamiento-termico\/#breadcrumb"},"inLanguage":"es","potentialAction":[{"@type":"ReadAction","target":["https:\/\/www.diasen.com\/es\/aislamiento-termico\/"]}]},{"@type":"ImageObject","inLanguage":"es","@id":"https:\/\/www.diasen.com\/es\/aislamiento-termico\/#primaryimage","url":"https:\/\/www.diasen.com\/wp-content\/uploads\/2023\/02\/isolamento-termico.jpg","contentUrl":"https:\/\/www.diasen.com\/wp-content\/uploads\/2023\/02\/isolamento-termico.jpg","width":1400,"height":933,"caption":"isolamento termico"},{"@type":"BreadcrumbList","@id":"https:\/\/www.diasen.com\/es\/aislamiento-termico\/#breadcrumb","itemListElement":[{"@type":"ListItem","position":1,"name":"Home","item":"https:\/\/www.diasen.com\/es\/"},{"@type":"ListItem","position":2,"name":"Aislamiento t\u00e9rmico: el punto de inflexi\u00f3n cultural en el mundo de la construcci\u00f3n"}]},{"@type":"WebSite","@id":"https:\/\/diasen.com\/#website","url":"https:\/\/diasen.com\/","name":"Diasen","description":"","publisher":{"@id":"https:\/\/diasen.com\/#organization"},"potentialAction":[{"@type":"SearchAction","target":{"@type":"EntryPoint","urlTemplate":"https:\/\/diasen.com\/?s={search_term_string}"},"query-input":{"@type":"PropertyValueSpecification","valueRequired":true,"valueName":"search_term_string"}}],"inLanguage":"es"},{"@type":"Organization","@id":"https:\/\/diasen.com\/#organization","name":"Diasen","url":"https:\/\/diasen.com\/","logo":{"@type":"ImageObject","inLanguage":"es","@id":"https:\/\/diasen.com\/#\/schema\/logo\/image\/","url":"https:\/\/www.diasen.com\/wp-content\/uploads\/2026\/04\/logo_diasen.png","contentUrl":"https:\/\/www.diasen.com\/wp-content\/uploads\/2026\/04\/logo_diasen.png","width":300,"height":160,"caption":"Diasen"},"image":{"@id":"https:\/\/diasen.com\/#\/schema\/logo\/image\/"}},{"@type":"Person","@id":"https:\/\/diasen.com\/#\/schema\/person\/4ae59810b85e38a59f10ea65b42a9cab","name":"Diasen","image":{"@type":"ImageObject","inLanguage":"es","@id":"https:\/\/secure.gravatar.com\/avatar\/c712cde7b26e86dd5d498092f4924eebcd48ad89b60dde10fe91a16d78653e4e?s=96&d=mm&r=g","url":"https:\/\/secure.gravatar.com\/avatar\/c712cde7b26e86dd5d498092f4924eebcd48ad89b60dde10fe91a16d78653e4e?s=96&d=mm&r=g","contentUrl":"https:\/\/secure.gravatar.com\/avatar\/c712cde7b26e86dd5d498092f4924eebcd48ad89b60dde10fe91a16d78653e4e?s=96&d=mm&r=g","caption":"Diasen"},"url":"https:\/\/www.diasen.com\/es\/author\/diasen\/"}]}},"_links":{"self":[{"href":"https:\/\/www.diasen.com\/es\/wp-json\/wp\/v2\/posts\/48968","targetHints":{"allow":["GET"]}}],"collection":[{"href":"https:\/\/www.diasen.com\/es\/wp-json\/wp\/v2\/posts"}],"about":[{"href":"https:\/\/www.diasen.com\/es\/wp-json\/wp\/v2\/types\/post"}],"author":[{"embeddable":true,"href":"https:\/\/www.diasen.com\/es\/wp-json\/wp\/v2\/users\/15"}],"replies":[{"embeddable":true,"href":"https:\/\/www.diasen.com\/es\/wp-json\/wp\/v2\/comments?post=48968"}],"version-history":[{"count":0,"href":"https:\/\/www.diasen.com\/es\/wp-json\/wp\/v2\/posts\/48968\/revisions"}],"wp:featuredmedia":[{"embeddable":true,"href":"https:\/\/www.diasen.com\/es\/wp-json\/wp\/v2\/media\/48682"}],"wp:attachment":[{"href":"https:\/\/www.diasen.com\/es\/wp-json\/wp\/v2\/media?parent=48968"}],"wp:term":[{"taxonomy":"category","embeddable":true,"href":"https:\/\/www.diasen.com\/es\/wp-json\/wp\/v2\/categories?post=48968"},{"taxonomy":"post_tag","embeddable":true,"href":"https:\/\/www.diasen.com\/es\/wp-json\/wp\/v2\/tags?post=48968"}],"curies":[{"name":"wp","href":"https:\/\/api.w.org\/{rel}","templated":true}]}}